{"id":18072,"date":"2025-03-14T08:53:00","date_gmt":"2025-03-14T06:53:00","guid":{"rendered":"https:\/\/magazine.prestigevillarental.com\/die-symboltraechtigen-villen-an-der-cote-dazur-villa-kerylos-villa-ephrussi-de-rothschild\/"},"modified":"2025-09-19T16:09:48","modified_gmt":"2025-09-19T14:09:48","slug":"die-symboltraechtigen-villen-an-der-cote-dazur-villa-kerylos-villa-ephrussi-de-rothschild","status":"publish","type":"post","link":"https:\/\/magazine.prestigevillarental.com\/de\/die-symboltraechtigen-villen-an-der-cote-dazur-villa-kerylos-villa-ephrussi-de-rothschild\/","title":{"rendered":"Die symboltr\u00e4chtigen Villen an der C\u00f4te d&#8217;Azur: Villa K\u00e9rylos &amp; Villa Ephrussi de Rothschild"},"content":{"rendered":"\n<h2 id=\"einfuehrung\" class=\"wp-block-heading\">Einf\u00fchrung<\/h2>\n\n<p>An der C\u00f4te d&#8217;Azur, zwischen Meer und H\u00fcgeln, befinden sich zwei unumg\u00e4ngliche architektonische Juwelen: die <em>Villa K\u00e9rylos<\/em> und die <em>Villa Ephrussi de Rothschild<\/em>. Diese au\u00dfergew\u00f6hnlichen Residenzen, jede mit ihrem einzigartigen Stil, versetzen die Besucher in eine Zeit und Kultur. Ob Sie sich f\u00fcr Geschichte, Architektur oder einfach nur f\u00fcr einen Moment der Flucht interessieren, diese Villen bieten Ihnen die M\u00f6glichkeit, in die Eleganz und Raffinesse der Belle \u00c9poque einzutauchen. Tauchen Sie mit mir in die faszinierende Welt dieser legend\u00e4ren Villen ein!   <\/p>\n\n<h2 id=\"1-die-villa-kerylos-ein-traum-aus-dem-antiken-griechenland\" class=\"wp-block-heading\">1. Die Villa K\u00e9rylos: Ein Traum aus dem antiken Griechenland<\/h2>\n\n<figure class=\"wp-block-image size-large\"><img  loading=\"lazy\"  decoding=\"async\"  width=\"1160\"  height=\"609\"  src=\"data:image\/png;base64,iVBORw0KGgoAAAANSUhEUgAABIgAAAJhAQMAAAAQeRnwAAAAA1BMVEUAAP+KeNJXAAAAAXRSTlMAQObYZgAAAAlwSFlzAAAOxAAADsQBlSsOGwAAAG1JREFUeNrtwTEBAAAAwqD1T20ND6AAAAAAAAAAAAAAAAAAAAAAAAAAAAAAAAAAAAAAAAAAAAAAAAAAAAAAAAAAAAAAAAAAAAAAAAAAAAAAAAAAAAAAAAAAAAAAAAAAAAAAAAAAAAAAAAAAAN4NW2EAAUHfEkkAAAAASUVORK5CYII=\"  alt=\"\"  class=\"wp-image-6861 pk-lazyload\"  data-pk-sizes=\"auto\"  data-ls-sizes=\"auto, (max-width: 1160px) 100vw, 1160px\"  data-pk-src=\"https:\/\/magazine.prestigevillarental.com\/wp-content\/uploads\/2025\/02\/villa-kerylos-beaulieu-1160x609.jpg\"  data-pk-srcset=\"https:\/\/magazine.prestigevillarental.com\/wp-content\/uploads\/2025\/02\/villa-kerylos-beaulieu-1160x609.jpg 1160w, https:\/\/magazine.prestigevillarental.com\/wp-content\/uploads\/2025\/02\/villa-kerylos-beaulieu-800x420.jpg 800w, https:\/\/magazine.prestigevillarental.com\/wp-content\/uploads\/2025\/02\/villa-kerylos-beaulieu-1536x806.jpg 1536w, https:\/\/magazine.prestigevillarental.com\/wp-content\/uploads\/2025\/02\/villa-kerylos-beaulieu-120x63.jpg 120w, https:\/\/magazine.prestigevillarental.com\/wp-content\/uploads\/2025\/02\/villa-kerylos-beaulieu-90x47.jpg 90w, https:\/\/magazine.prestigevillarental.com\/wp-content\/uploads\/2025\/02\/villa-kerylos-beaulieu-320x168.jpg 320w, https:\/\/magazine.prestigevillarental.com\/wp-content\/uploads\/2025\/02\/villa-kerylos-beaulieu-560x294.jpg 560w, https:\/\/magazine.prestigevillarental.com\/wp-content\/uploads\/2025\/02\/villa-kerylos-beaulieu-1920x1008.jpg 1920w, https:\/\/magazine.prestigevillarental.com\/wp-content\/uploads\/2025\/02\/villa-kerylos-beaulieu-240x126.jpg 240w, https:\/\/magazine.prestigevillarental.com\/wp-content\/uploads\/2025\/02\/villa-kerylos-beaulieu-180x94.jpg 180w, https:\/\/magazine.prestigevillarental.com\/wp-content\/uploads\/2025\/02\/villa-kerylos-beaulieu-640x336.jpg 640w, https:\/\/magazine.prestigevillarental.com\/wp-content\/uploads\/2025\/02\/villa-kerylos-beaulieu-1120x588.jpg 1120w, https:\/\/magazine.prestigevillarental.com\/wp-content\/uploads\/2025\/02\/villa-kerylos-beaulieu-1600x840.jpg 1600w, https:\/\/magazine.prestigevillarental.com\/wp-content\/uploads\/2025\/02\/villa-kerylos-beaulieu.jpg 2048w\" ><\/figure>\n\n<h3 id=\"eine-hommage-an-die-hellenische-zivilisation\" class=\"wp-block-heading\"><strong>Eine Hommage an die hellenische Zivilisation<\/strong><\/h3>\n\n<p>Auf einem Vorgebirge in Beaulieu-sur-Mer liegt die <em><a href=\"https:\/\/www.villakerylos.fr\/\" target=\"_blank\" rel=\"noreferrer noopener\">Villa K\u00e9rylos<\/a><\/em> ist eine au\u00dfergew\u00f6hnliche Rekonstruktion eines Hauses aus dem antiken Griechenland. Diese einzigartige Villa wurde zwischen 1902 und 1908 von dem Arch\u00e4ologen und Kunstliebhaber Th\u00e9odore Reinach erbaut und verbindet Authentizit\u00e4t mit Modernit\u00e4t. <\/p>\n\n<h3 id=\"ein-architektonisches-meisterwerk\" class=\"wp-block-heading\"><strong>Ein architektonisches Meisterwerk<\/strong><\/h3>\n\n<p>Inspiriert von den Adelsh\u00e4usern auf der Insel Delos, ist die Villa eine harmonische Mischung aus Marmor, Mosaiken und Fresken, die die antiken Dekorationen originalgetreu nachbilden. Sie finden hier dorische S\u00e4ulen, Marmorbecken und Gem\u00e4lde, die von der griechischen Mythologie inspiriert sind. <\/p>\n\n<h3 id=\"die-schaetze-der-villa\" class=\"wp-block-heading\"><strong>Die Sch\u00e4tze der Villa<\/strong><\/h3>\n\n<p>Jeder Raum der Villa ist voller Sch\u00e4tze:<\/p>\n\n<ul class=\"wp-block-list\">\n<li><strong>L&#8217;Andron<\/strong>, ein Empfangsraum, der mit mythologischen Mosaiken geschm\u00fcckt ist.<\/li>\n\n\n\n<li><strong>Die Bibliothek<\/strong>, in der seltene B\u00fccher \u00fcber das antike Griechenland aufbewahrt werden.<\/li>\n\n\n\n<li><strong>Das Peristyl<\/strong>, ein von S\u00e4ulen ges\u00e4umter Innenhof, der an griechische Pal\u00e4ste erinnert.<\/li>\n<\/ul>\n\n<h3 id=\"ein-atemberaubender-blick-auf-das-mittelmeer\" class=\"wp-block-heading\"><strong>Ein atemberaubender Blick auf das Mittelmeer<\/strong><\/h3>\n\n<p>Neben ihrer Architektur bietet die <em>Villa K\u00e9rylos<\/em> einen herrlichen Blick auf das Meer und Cap-Ferrat. Der mediterrane Garten mit Oleander und Olivenb\u00e4umen l\u00e4dt zu einem ruhigen Spaziergang in einer idyllischen Umgebung ein. <\/p>\n\n<h2 id=\"2-die-villa-ephrussi-de-rothschild-ein-palast-an-der-riviera\" class=\"wp-block-heading\">2. Die Villa Ephrussi de Rothschild: Ein Palast an der Riviera<\/h2>\n\n<figure class=\"wp-block-image size-large\"><img  loading=\"lazy\"  decoding=\"async\"  width=\"1160\"  height=\"710\"  src=\"data:image\/png;base64,iVBORw0KGgoAAAANSUhEUgAABIgAAALGAQMAAAAUYDimAAAAA1BMVEUAAP+KeNJXAAAAAXRSTlMAQObYZgAAAAlwSFlzAAAOxAAADsQBlSsOGwAAAHtJREFUeNrtwQENAAAAwqD3T20PBxQAAAAAAAAAAAAAAAAAAAAAAAAAAAAAAAAAAAAAAAAAAAAAAAAAAAAAAAAAAAAAAAAAAAAAAAAAAAAAAAAAAAAAAAAAAAAAAAAAAAAAAAAAAAAAAAAAAAAAAAAAAAAAAAAAAAAALwaU+wAB9NtK5wAAAABJRU5ErkJggg==\"  alt=\"\"  class=\"wp-image-6864 pk-lazyload\"  data-pk-sizes=\"auto\"  data-ls-sizes=\"auto, (max-width: 1160px) 100vw, 1160px\"  data-pk-src=\"https:\/\/magazine.prestigevillarental.com\/wp-content\/uploads\/2025\/02\/Villa-Ephrussi-de-Rothschild-1160x710.webp\"  data-pk-srcset=\"https:\/\/magazine.prestigevillarental.com\/wp-content\/uploads\/2025\/02\/Villa-Ephrussi-de-Rothschild-1160x710.webp 1160w, https:\/\/magazine.prestigevillarental.com\/wp-content\/uploads\/2025\/02\/Villa-Ephrussi-de-Rothschild-800x489.webp 800w, https:\/\/magazine.prestigevillarental.com\/wp-content\/uploads\/2025\/02\/Villa-Ephrussi-de-Rothschild-120x73.webp 120w, https:\/\/magazine.prestigevillarental.com\/wp-content\/uploads\/2025\/02\/Villa-Ephrussi-de-Rothschild-90x55.webp 90w, https:\/\/magazine.prestigevillarental.com\/wp-content\/uploads\/2025\/02\/Villa-Ephrussi-de-Rothschild-320x196.webp 320w, https:\/\/magazine.prestigevillarental.com\/wp-content\/uploads\/2025\/02\/Villa-Ephrussi-de-Rothschild-560x343.webp 560w, https:\/\/magazine.prestigevillarental.com\/wp-content\/uploads\/2025\/02\/Villa-Ephrussi-de-Rothschild-240x147.webp 240w, https:\/\/magazine.prestigevillarental.com\/wp-content\/uploads\/2025\/02\/Villa-Ephrussi-de-Rothschild-180x110.webp 180w, https:\/\/magazine.prestigevillarental.com\/wp-content\/uploads\/2025\/02\/Villa-Ephrussi-de-Rothschild-640x391.webp 640w, https:\/\/magazine.prestigevillarental.com\/wp-content\/uploads\/2025\/02\/Villa-Ephrussi-de-Rothschild-1120x685.webp 1120w, https:\/\/magazine.prestigevillarental.com\/wp-content\/uploads\/2025\/02\/Villa-Ephrussi-de-Rothschild.webp 1200w\" ><\/figure>\n\n<h3 id=\"ein-praechtiges-von-der-renaissance-inspiriertes-haus\" class=\"wp-block-heading\"><strong>Ein pr\u00e4chtiges, von der Renaissance inspiriertes Haus<\/strong><\/h3>\n\n<p>Die Villa liegt auf den Anh\u00f6hen von Saint-Jean-Cap-Ferrat. <em><a href=\"https:\/\/www.villa-ephrussi.com\/\" target=\"_blank\" rel=\"noreferrer noopener\">Villa Ephrussi de Rothschild<\/a><\/em> ist eines der pr\u00e4chtigsten H\u00e4user an der C\u00f4te d&#8217;Azur. Die Villa wurde zwischen 1905 und 1912 von Baronin B\u00e9atrice Ephrussi de Rothschild erbaut und ist ein wahres Meisterwerk der Architektur und Landschaftsgestaltung. <\/p>\n\n<h3 id=\"ein-raffiniertes-und-eklektisches-interieur\" class=\"wp-block-heading\"><strong>Ein raffiniertes und eklektisches Interieur<\/strong><\/h3>\n\n<p>Sobald Sie die T\u00fcren durchschreiten, tauchen Sie in eine Welt ein, in der Raffinesse herrscht. Die Villa ist voll von kostbaren M\u00f6beln, Wandteppichen und Kunstwerken aus aller Welt. Das Musikzimmer mit seinen Fresken und Kristallleuchtern ist eines der Schmuckst\u00fccke des Hauses.  <\/p>\n\n<h3 id=\"die-neun-themengaerten-eine-einladung-zu-einer-reise\" class=\"wp-block-heading\"><strong>Die neun Themeng\u00e4rten: eine Einladung zu einer Reise<\/strong><\/h3>\n\n<p>Eine der Hauptattraktionen der Villa sind die neun pr\u00e4chtigen G\u00e4rten, von denen jeder eine andere Stimmung vermittelt:<\/p>\n\n<ul class=\"wp-block-list\">\n<li><strong>Der franz\u00f6sische Garten<\/strong> mit Teichen und Wasserspielen.<\/li>\n\n\n\n<li><strong>Der spanische Garten<\/strong> mit seinen Palmen und andalusischen Springbrunnen.<\/li>\n\n\n\n<li><strong>Der japanische Garten<\/strong>, wo sich Holzbr\u00fccken und Laternen mit bl\u00fchenden Kirschb\u00e4umen vermischen.<\/li>\n\n\n\n<li><strong>Der Florentiner Garten<\/strong>, der an die Eleganz der toskanischen Villen erinnert.<\/li>\n<\/ul>\n\n<h3 id=\"ein-atemberaubendes-panorama\" class=\"wp-block-heading\"><strong>Ein atemberaubendes Panorama<\/strong><\/h3>\n\n<p>Die Villa \u00fcberragt das Mittelmeer und bietet einen spektakul\u00e4ren Blick auf die Bucht von Villefranche und die Halbinsel Cap-Ferrat. Ihre Lage macht sie zu einem idealen Ort f\u00fcr einen romantischen Spaziergang oder eine beschauliche Pause. <\/p>\n\n<h2 id=\"3-warum-sollten-sie-diese-villen-besuchen\" class=\"wp-block-heading\">3. Warum sollten Sie diese Villen besuchen?<\/h2>\n\n<h3 id=\"eine-reise-in-die-vergangenheit\" class=\"wp-block-heading\"><strong>Eine Reise in die Vergangenheit<\/strong><\/h3>\n\n<p>Ob in der <em>Villa K\u00e9rylos<\/em>, die das antike Griechenland wieder aufleben l\u00e4sst, oder in der <em>Villa<\/em> Rousseau. <em><a class=\"wpil_keyword_link\" href=\"https:\/\/magazine.prestigevillarental.com\/de\/destination-french-riviera-entdecken-sie-die-schoensten-villen-und-luxusresidenzen-an-der-cote-dazur\/\" title=\"Destination French Riviera: Entdecken Sie die sch&#xF6;nsten Villen und Luxusresidenzen an der C&#xF4;te d&#039;Azur\" data-wpil-keyword-link=\"linked\" data-wpil-monitor-id=\"2395\">Villa Ephrussi de Rothschild.<\/a><\/em>die den Prunk der Belle \u00c9poque widerspiegelt, ist jeder Besuch ein Eintauchen in eine faszinierende historische Welt.<\/p>\n\n<h3 id=\"emblematische-orte-an-der-riviera\" class=\"wp-block-heading\"><strong>Emblematische Orte an der Riviera<\/strong><\/h3>\n\n<p>Diese beiden Villen geh\u00f6ren zu den sch\u00f6nsten Zeugnissen des Kulturerbes der C\u00f4te d&#8217;Azur und bieten einen einzigartigen Einblick in die Lebensart vergangener Zeiten.<\/p>\n\n<h3 id=\"aussergewoehnliche-gaerten\" class=\"wp-block-heading\"><strong>Au\u00dfergew\u00f6hnliche G\u00e4rten<\/strong><\/h3>\n\n<p>Die G\u00e4rten der <em>Villa Ephrussi de Rothschild<\/em> geh\u00f6ren zu den sch\u00f6nsten in Europa, w\u00e4hrend die G\u00e4rten der <em>Villa K\u00e9rylos<\/em> eine authentische mediterrane Atmosph\u00e4re bieten.<\/p>\n\n<h2 id=\"4-ratschlaege-fuer-einen-erfolgreichen-besuch\" class=\"wp-block-heading\">4. Ratschl\u00e4ge f\u00fcr einen erfolgreichen Besuch<\/h2>\n\n<h3 id=\"planen-sie-zeit-ein\" class=\"wp-block-heading\"><strong>Planen Sie Zeit ein<\/strong><\/h3>\n\n<p>Diese beiden Villen sollten in einem ruhigen Tempo besichtigt werden. Rechnen Sie mit mindestens 1,5 Stunden pro Standort, um die Sehensw\u00fcrdigkeiten in vollen Z\u00fcgen genie\u00dfen zu k\u00f6nnen. <\/p>\n\n<h3 id=\"waehlen-sie-die-richtigen-zeiten\" class=\"wp-block-heading\"><strong>W\u00e4hlen Sie die richtigen Zeiten<\/strong><\/h3>\n\n<p>Um Menschenmassen zu vermeiden, sollten Sie einen Besuch am Morgen oder am sp\u00e4ten Nachmittag vorziehen. Der Fr\u00fchling und der Herbst sind die besten Jahreszeiten, um die G\u00e4rten zu genie\u00dfen. <\/p>\n\n<h3 id=\"verpassen-sie-nicht-die-kulturellen-veranstaltungen\" class=\"wp-block-heading\"><strong>Verpassen Sie nicht die kulturellen Veranstaltungen<\/strong><\/h3>\n\n<p>Es werden regelm\u00e4\u00dfig Konzerte, Ausstellungen und F\u00fchrungen organisiert. Informieren Sie sich im Voraus \u00fcber die Programme, um Ihr Erlebnis zu bereichern. <\/p>\n\n<h2 id=\"schlussfolgerung\" class=\"wp-block-heading\">Schlussfolgerung<\/h2>\n\n<p>Ein Besuch der <em>Villa K\u00e9rylos<\/em> und der <em>Villa Ephrussi de Rothschild<\/em> ist ein zeitloser Ausflug zwischen Eleganz und Geschichte. Ob Sie sich f\u00fcr Architektur, Kunst oder einfach nur f\u00fcr Sch\u00f6nheit interessieren, diese symboltr\u00e4chtigen Orte an der C\u00f4te d&#8217;Azur werden Ihnen unvergessliche Erinnerungen bescheren. Lassen Sie sich von dem zeitlosen Charme dieser Juwelen der Riviera verzaubern!  <\/p>\n","protected":false},"excerpt":{"rendered":"<p>Einf\u00fchrung An der C\u00f4te d&#8217;Azur, zwischen Meer und H\u00fcgeln, befinden sich zwei unumg\u00e4ngliche architektonische Juwelen: die Villa K\u00e9rylos und die Villa Ephrussi de Rothschild. Diese au\u00dfergew\u00f6hnlichen Residenzen, jede mit ihrem&hellip;<\/p>\n","protected":false},"author":1,"featured_media":18075,"comment_status":"open","ping_status":"open","sticky":false,"template":"","format":"standard","meta":{"_jetpack_memberships_contains_paid_content":false,"footnotes":""},"categories":[125,141,142],"tags":[],"powerkit_post_featured":[],"class_list":{"0":"post-18072","1":"post","2":"type-post","3":"status-publish","4":"format-standard","5":"has-post-thumbnail","7":"category-ausfluge","8":"category-cote-dazur-de","9":"category-frankreich"},"jetpack_featured_media_url":"https:\/\/magazine.prestigevillarental.com\/wp-content\/uploads\/2025\/02\/villa-ephrussi-de-rotschild-st-jean-cap-ferrat.jpg","jetpack_sharing_enabled":true,"_links":{"self":[{"href":"https:\/\/magazine.prestigevillarental.com\/de\/wp-json\/wp\/v2\/posts\/18072","targetHints":{"allow":["GET"]}}],"collection":[{"href":"https:\/\/magazine.prestigevillarental.com\/de\/wp-json\/wp\/v2\/posts"}],"about":[{"href":"https:\/\/magazine.prestigevillarental.com\/de\/wp-json\/wp\/v2\/types\/post"}],"author":[{"embeddable":true,"href":"https:\/\/magazine.prestigevillarental.com\/de\/wp-json\/wp\/v2\/users\/1"}],"replies":[{"embeddable":true,"href":"https:\/\/magazine.prestigevillarental.com\/de\/wp-json\/wp\/v2\/comments?post=18072"}],"version-history":[{"count":3,"href":"https:\/\/magazine.prestigevillarental.com\/de\/wp-json\/wp\/v2\/posts\/18072\/revisions"}],"predecessor-version":[{"id":20658,"href":"https:\/\/magazine.prestigevillarental.com\/de\/wp-json\/wp\/v2\/posts\/18072\/revisions\/20658"}],"wp:featuredmedia":[{"embeddable":true,"href":"https:\/\/magazine.prestigevillarental.com\/de\/wp-json\/wp\/v2\/media\/18075"}],"wp:attachment":[{"href":"https:\/\/magazine.prestigevillarental.com\/de\/wp-json\/wp\/v2\/media?parent=18072"}],"wp:term":[{"taxonomy":"category","embeddable":true,"href":"https:\/\/magazine.prestigevillarental.com\/de\/wp-json\/wp\/v2\/categories?post=18072"},{"taxonomy":"post_tag","embeddable":true,"href":"https:\/\/magazine.prestigevillarental.com\/de\/wp-json\/wp\/v2\/tags?post=18072"},{"taxonomy":"powerkit_post_featured","embeddable":true,"href":"https:\/\/magazine.prestigevillarental.com\/de\/wp-json\/wp\/v2\/powerkit_post_featured?post=18072"}],"curies":[{"name":"wp","href":"https:\/\/api.w.org\/{rel}","templated":true}]}}