{"id":18295,"date":"2023-12-07T08:17:00","date_gmt":"2023-12-07T06:17:00","guid":{"rendered":"https:\/\/magazine.prestigevillarental.com\/der-nationalpark-von-guadeloupe\/"},"modified":"2025-09-19T18:06:08","modified_gmt":"2025-09-19T16:06:08","slug":"der-nationalpark-von-guadeloupe","status":"publish","type":"post","link":"https:\/\/magazine.prestigevillarental.com\/de\/der-nationalpark-von-guadeloupe\/","title":{"rendered":"Der Nationalpark von Guadeloupe"},"content":{"rendered":"\n<p>Haben Sie Lust auf eine Pause von den Str\u00e4nden und dem Faulenzen? Dann besuchen Sie eine gr\u00fcne Oase in Basse-Terre, im Naturpark von Guadeloupe. Der Naturpark wurde 1898 gegr\u00fcndet und war der erste nationale Naturpark Frankreichs in \u00dcbersee.  <\/p>\n\n<p>Basse-Terre ist der gebirgigste Teil von <a class=\"wpil_keyword_link\" href=\"https:\/\/magazine.prestigevillarental.com\/de\/guadeloupe-grande-terre-oder-basse-terre-welche-seite-soll-man-waehlen\/\" title=\"Guadeloupe: Grande-Terre oder Basse-Terre, welche Seite soll man w&#xE4;hlen?\" data-wpil-keyword-link=\"linked\" data-wpil-monitor-id=\"2605\">Guadeloupe<\/a>. Deshalb gibt es hier die sch\u00f6nsten Wasserf\u00e4lle, den Vulkan La Soufri\u00e8re und <a href=\"https:\/\/magazine.prestigevillarental.com\/de\/top-10-der-schoensten-wasserfaelle-und-fluesse-in-guadeloupe\/\">sch\u00f6ne Fl\u00fcsse<\/a>. <\/p>\n\n<p>Es ist ein Vergn\u00fcgen, sich in der \u00fcppigen tropischen Natur der 17.300 Hektar Wald und 3.700 Hektar Feucht- und Meeresgebiete zu verlieren.<\/p>\n\n<h2 class=\"wp-block-heading\" id=\"h-que-voir-dans-le-parc-national-de-la-guadeloupe\"><span id=\"was-gibt-es-im-nationalpark-von-guadeloupe-zu-sehen\">Was gibt es im Nationalpark von Guadeloupe zu sehen?<\/span><\/h2>\n\n<p>Der Nationalpark <a class=\"wpil_keyword_link\" href=\"https:\/\/magazine.prestigevillarental.com\/de\/die-schoensten-instagrammable-spots-von-guadeloupe\/\" title=\"Die sch&#xF6;nsten Instagrammable Spots von Guadeloupe\" data-wpil-keyword-link=\"linked\" data-wpil-monitor-id=\"2745\">Guadeloupe<\/a> wurde gegr\u00fcndet, um die Fauna und Flora der Antillen sowohl auf dem Land als auch im Meer zu sch\u00fctzen.<\/p>\n\n<p>In diesem gro\u00dfen Gebiet k\u00f6nnen Sie die sch\u00f6nsten Naturgebiete von Guadeloupe sehen. Im Herzen des Naturparks gibt es verschiedene Prim\u00e4rw\u00e4lder, die dank ihres feuchten und warmen Klimas die Entwicklung von Insekten-, Frucht- und Nektarfressern beg\u00fcnstigen. <\/p>\n\n<p>Zwischen Wasserf\u00e4llen, Vulkanen und Meeresgebieten, lassen Sie uns einen Blick auf den Nationalpark von Guadeloupe werfen:<\/p>\n\n<h2 class=\"wp-block-heading\" id=\"h-les-chutes-du-carbet\"><span id=\"die-wasserfaelle-von-carbet\">Die Wasserf\u00e4lle von Carbet<\/span><\/h2>\n\n<p>Es ist schwer, sich das majest\u00e4tische und imposante Aussehen der <a class=\"wpil_keyword_link\" href=\"https:\/\/magazine.prestigevillarental.com\/de\/entdecken-sie-die-wasserfaelle-von-carbet-auf-guadeloupe\/\" title=\"Entdecken Sie die Wasserf&#xE4;lle von Carbet auf Guadeloupe\" data-wpil-keyword-link=\"linked\" data-wpil-monitor-id=\"2744\">Carbet-F\u00e4lle<\/a> vorzustellen, von denen es drei gibt.<\/p>\n\n<p>Der Legende nach sah Christoph Kolumbus die F\u00e4lle, als er 1493 in Guadeloupe landete, vom Strand von Capesterre-Belle-Eau aus.<\/p>\n\n<p>Die drei Wasserf\u00e4lle werden vom Wasser des Grand Carbet-Flusses gespeist. Der Name des Flusses geht auf den indianischen Namen des Dorfes zur\u00fcck, das aus H\u00fctten bestand, die als Schutz dienten und &#8222;Carbets&#8220; genannt wurden. Die Carbets wurden in der N\u00e4he der M\u00fcndung des Grand Carbet Flusses gebaut.  <\/p>\n\n<p>Es gibt heute noch 3 Carbet-F\u00e4lle, aber nur 2 k\u00f6nnen aus der N\u00e4he betrachtet werden:<\/p>\n\n<figure class=\"wp-block-image size-large\"><img  loading=\"lazy\"  decoding=\"async\"  width=\"1160\"  height=\"1547\"  src=\"data:image\/png;base64,iVBORw0KGgoAAAANSUhEUgAABIgAAAYLAQMAAABNWRHfAAAAA1BMVEUAAP+KeNJXAAAAAXRSTlMAQObYZgAAAAlwSFlzAAAOxAAADsQBlSsOGwAAAPJJREFUeNrtwTEBAAAAwqD1T20LL6AAAAAAAAAAAAAAAAAAAAAAAAAAAAAAAAAAAAAAAAAAAAAAAAAAAAAAAAAAAAAAAAAAAAAAAAAAAAAAAAAAAAAAAAAAAAAAAAAAAAAAAAAAAAAAAAAAAAAAAAAAAAAAAAAAAAAAAAAAAAAAAAAAAAAAAAAAAAAAAAAAAAAAAAAAAAAAAAAAAAAAAAAAAAAAAAAAAAAAAAAAAAAAAAAAAAAAAAAAAAAAAAAAAAAAAAAAAAAAAAAAAAAAAAAAAAAAAAAAAAAAAAAAAAAAAAAAAAAAAAAAAAAAAAAAAICvAXJzAAGR9O26AAAAAElFTkSuQmCC\"  alt=\"\"  class=\"wp-image-1366 pk-lazyload\"  data-pk-sizes=\"auto\"  data-ls-sizes=\"auto, (max-width: 1160px) 100vw, 1160px\"  data-pk-src=\"https:\/\/magazine.prestigevillarental.com\/wp-content\/uploads\/2023\/11\/chute-du-carbet-1160x1547.jpg\"  data-pk-srcset=\"https:\/\/magazine.prestigevillarental.com\/wp-content\/uploads\/2023\/11\/chute-du-carbet-1160x1547.jpg 1160w, https:\/\/magazine.prestigevillarental.com\/wp-content\/uploads\/2023\/11\/chute-du-carbet-800x1067.jpg 800w, https:\/\/magazine.prestigevillarental.com\/wp-content\/uploads\/2023\/11\/chute-du-carbet-1152x1536.jpg 1152w, https:\/\/magazine.prestigevillarental.com\/wp-content\/uploads\/2023\/11\/chute-du-carbet-1536x2048.jpg 1536w, https:\/\/magazine.prestigevillarental.com\/wp-content\/uploads\/2023\/11\/chute-du-carbet-120x160.jpg 120w, https:\/\/magazine.prestigevillarental.com\/wp-content\/uploads\/2023\/11\/chute-du-carbet-90x120.jpg 90w, https:\/\/magazine.prestigevillarental.com\/wp-content\/uploads\/2023\/11\/chute-du-carbet-320x427.jpg 320w, https:\/\/magazine.prestigevillarental.com\/wp-content\/uploads\/2023\/11\/chute-du-carbet-560x747.jpg 560w, https:\/\/magazine.prestigevillarental.com\/wp-content\/uploads\/2023\/11\/chute-du-carbet-scaled.jpg 1920w, https:\/\/magazine.prestigevillarental.com\/wp-content\/uploads\/2023\/11\/chute-du-carbet-2304x3072.jpg 2304w, https:\/\/magazine.prestigevillarental.com\/wp-content\/uploads\/2023\/11\/chute-du-carbet-240x320.jpg 240w, https:\/\/magazine.prestigevillarental.com\/wp-content\/uploads\/2023\/11\/chute-du-carbet-180x240.jpg 180w, https:\/\/magazine.prestigevillarental.com\/wp-content\/uploads\/2023\/11\/chute-du-carbet-640x854.jpg 640w, https:\/\/magazine.prestigevillarental.com\/wp-content\/uploads\/2023\/11\/chute-du-carbet-1120x1494.jpg 1120w, https:\/\/magazine.prestigevillarental.com\/wp-content\/uploads\/2023\/11\/chute-du-carbet-1600x2133.jpg 1600w, https:\/\/magazine.prestigevillarental.com\/wp-content\/uploads\/2023\/11\/chute-du-carbet-2320x3093.jpg 2320w\" ><\/figure>\n\n<h3 class=\"wp-block-heading\" id=\"h-la-1ere-chute-du-carbet\"><span id=\"der-1-wasserfall-von-carbet\">Der 1. Wasserfall von Carbet<\/span><\/h3>\n\n<p>Er besteht aus zwei Stufen mit einem beeindruckenden Sprung aus 115 m H\u00f6he. Wenn Sie gerne wandern, werden Sie diese 3-st\u00fcndige Waldwanderung vom Aussichtspunkt am Empfang des Nationalparks von Guadeloupe aus lieben. <\/p>\n\n<h3 class=\"wp-block-heading\" id=\"h-la-2&#x1D49;-chute-du-carbet\"><span id=\"der-2%e1%b5%89-wasserfall-von-carbet\">Der 2\u1d49 Wasserfall von Carbet<\/span><\/h3>\n\n<p>Dieser 110 Meter hohe Wasserfall ist der am besten zug\u00e4ngliche der drei F\u00e4lle. Ein gut angelegter Weg f\u00fchrt Sie schnell hinauf und ist sehr einfach. Die Einrichtungen (Gitter, Stege) erm\u00f6glichen es Ihnen, sich problemlos durch den Regenwald zu bewegen.  <\/p>\n\n<h3 class=\"wp-block-heading\" id=\"h-la-3&#x1D49;-chute-du-carbet\"><span id=\"der-3%e1%b5%89-wasserfall-von-carbet\">Der 3\u1d49 Wasserfall von Carbet<\/span><\/h3>\n\n<p>Obwohl der Wasserfall nur 20 Meter hoch ist, ist die extrem starke Str\u00f6mung das, was ihn so interessant macht. Derzeit ist der Zugang zu diesem Wasserfall jedoch geschlossen, da die Steinschl\u00e4ge zu gef\u00e4hrlich sind. <\/p>\n\n<h2 class=\"wp-block-heading\" id=\"h-la-soufriere\"><span id=\"la-soufriere\">La Soufri\u00e8re<\/span><\/h2>\n\n<p>Auch wenn Sie Guadeloupe nur wenig kennen, haben Sie diesen Namen schon einmal geh\u00f6rt: La Soufri\u00e8re. Wenn Sie gerne wandern und die Berglandschaft lieben, werden Sie hier auf Ihre Kosten kommen. <\/p>\n\n<p>La Soufri\u00e8re ist der h\u00f6chste Punkt von Guadeloupe und den Kleinen Antillen (1467 m). Er ist der bekannteste Ort im Nationalpark von Guadeloupe. <\/p>\n\n<p>La Soufri\u00e8re ist ein aktiver Vulkan, der Fumarolen und schwefelhaltige D\u00e4mpfe ausst\u00f6\u00dft, daher der Name. Hier gibt es sogar hei\u00dfe Quellen. <\/p>\n\n<p>Wenn Sie sich in Guadeloupe aufhalten, sollten Sie sich die Zeit nehmen, die Wanderung nach La Soufri\u00e8re zu unternehmen und wenn m\u00f6glich, den Gipfel zu besteigen. Bei gutem Wetter haben Sie einen herrlichen Blick \u00fcber die ganze Insel und ihre Umgebung. <\/p>\n\n<p>Achten Sie auf die Gasemissionen w\u00e4hrend des Aufstiegs, die gef\u00e4hrlich sein k\u00f6nnen (und vergessen Sie nicht, einen Kway mitzunehmen).<\/p>\n\n<p>Planen Sie Ihre Reise am fr\u00fchen Morgen, denn es ist \u00fcblich, dass sich Soufri\u00e8re am Nachmittag in Wolken h\u00fcllt.<\/p>\n\n<h2 class=\"wp-block-heading\" id=\"h-ilets-pigeon\"><span id=\"ilets-pigeon\">Ilets Pigeon<\/span><\/h2>\n\n<figure class=\"wp-block-image size-large\"><img  loading=\"lazy\"  decoding=\"async\"  width=\"1160\"  height=\"705\"  src=\"data:image\/png;base64,iVBORw0KGgoAAAANSUhEUgAABIgAAALBAQMAAAAJZQgeAAAAA1BMVEUAAP+KeNJXAAAAAXRSTlMAQObYZgAAAAlwSFlzAAAOxAAADsQBlSsOGwAAAHpJREFUeNrtwQEBAAAAgiD\/r25IQAEAAAAAAAAAAAAAAAAAAAAAAAAAAAAAAAAAAAAAAAAAAAAAAAAAAAAAAAAAAAAAAAAAAAAAAAAAAAAAAAAAAAAAAAAAAAAAAAAAAAAAAAAAAAAAAAAAAAAAAAAAAAAAAAAAAMCjAZIhAAGkQeN+AAAAAElFTkSuQmCC\"  alt=\"\"  class=\"wp-image-1367 pk-lazyload\"  data-pk-sizes=\"auto\"  data-ls-sizes=\"auto, (max-width: 1160px) 100vw, 1160px\"  data-pk-src=\"https:\/\/magazine.prestigevillarental.com\/wp-content\/uploads\/2023\/11\/ilet-pigeon-guadeloupe-1160x705.jpg\"  data-pk-srcset=\"https:\/\/magazine.prestigevillarental.com\/wp-content\/uploads\/2023\/11\/ilet-pigeon-guadeloupe-1160x705.jpg 1160w, https:\/\/magazine.prestigevillarental.com\/wp-content\/uploads\/2023\/11\/ilet-pigeon-guadeloupe-800x486.jpg 800w, https:\/\/magazine.prestigevillarental.com\/wp-content\/uploads\/2023\/11\/ilet-pigeon-guadeloupe-120x73.jpg 120w, https:\/\/magazine.prestigevillarental.com\/wp-content\/uploads\/2023\/11\/ilet-pigeon-guadeloupe-90x55.jpg 90w, https:\/\/magazine.prestigevillarental.com\/wp-content\/uploads\/2023\/11\/ilet-pigeon-guadeloupe-320x194.jpg 320w, https:\/\/magazine.prestigevillarental.com\/wp-content\/uploads\/2023\/11\/ilet-pigeon-guadeloupe-560x340.jpg 560w, https:\/\/magazine.prestigevillarental.com\/wp-content\/uploads\/2023\/11\/ilet-pigeon-guadeloupe-240x146.jpg 240w, https:\/\/magazine.prestigevillarental.com\/wp-content\/uploads\/2023\/11\/ilet-pigeon-guadeloupe-180x109.jpg 180w, https:\/\/magazine.prestigevillarental.com\/wp-content\/uploads\/2023\/11\/ilet-pigeon-guadeloupe-640x389.jpg 640w, https:\/\/magazine.prestigevillarental.com\/wp-content\/uploads\/2023\/11\/ilet-pigeon-guadeloupe-1120x680.jpg 1120w, https:\/\/magazine.prestigevillarental.com\/wp-content\/uploads\/2023\/11\/ilet-pigeon-guadeloupe.jpg 1200w\" ><\/figure>\n\n<p>Die \u00celets Pigeon sind ebenfalls Teil des Nationalparks Guadeloupe und liegen in Bouillante, vor dem Strand von Malendure, eine Seemeile von der K\u00fcste entfernt.<\/p>\n\n<p>Die \u00celets Pigeon sind ein idealer Ort, um die Unterwasserfauna und -flora zu bewundern, sei es beim Schnorcheln oder mit einer Tauchausr\u00fcstung. Sie befinden sich im Cousteau-Reservat, wo Sie eine gro\u00dfe Vielfalt an tropischen Fischen, Schildkr\u00f6ten und Gorgonien sehen k\u00f6nnen. <\/p>\n\n<p>Sie k\u00f6nnen zwischen 0 und 60 Metern an verschiedenen Spots tauchen: Der Korallengarten, Das Aquarium, Point Barracuda, La Piscine, etc.<\/p>\n\n<p>Wenn Sie mit dem Tauchen beginnen m\u00f6chten, werden Sie sich in dieser Unterwasserwelt sicher f\u00fchlen, da die Tiefe sanft ansteigt.<\/p>\n\n<h2 class=\"wp-block-heading\" id=\"h-reserve-naturelle-du-grand-cul-de-sac-marin\"><span id=\"naturreservat-des-grand-cul-de-sac-marin\">Naturreservat des Grand Cul-de-Sac-Marin<\/span><\/h2>\n\n<figure class=\"wp-block-image size-large\"><img  loading=\"lazy\"  decoding=\"async\"  width=\"1160\"  height=\"870\"  src=\"data:image\/png;base64,iVBORw0KGgoAAAANSUhEUgAABIgAAANmAQMAAACrCyL8AAAAA1BMVEUAAP+KeNJXAAAAAXRSTlMAQObYZgAAAAlwSFlzAAAOxAAADsQBlSsOGwAAAJJJREFUeNrtwTEBAAAAwqD1T20JT6AAAAAAAAAAAAAAAAAAAAAAAAAAAAAAAAAAAAAAAAAAAAAAAAAAAAAAAAAAAAAAAAAAAAAAAAAAAAAAAAAAAAAAAAAAAAAAAAAAAAAAAAAAAAAAAAAAAAAAAAAAAAAAAAAAAAAAAAAAAAAAAAAAAAAAAAAAAAAAAAAAAAD+BvA7AAGTZkFsAAAAAElFTkSuQmCC\"  alt=\"mangrove grand cul de sac marin guadeloupe\"  class=\"wp-image-1081 pk-lazyload\"  data-pk-sizes=\"auto\"  data-ls-sizes=\"auto, (max-width: 1160px) 100vw, 1160px\"  data-pk-src=\"https:\/\/magazine.prestigevillarental.com\/wp-content\/uploads\/2023\/09\/Mangrove-grand-cul-de-sac-guadeloupe-1160x870.jpg\"  data-pk-srcset=\"https:\/\/magazine.prestigevillarental.com\/wp-content\/uploads\/2023\/09\/Mangrove-grand-cul-de-sac-guadeloupe-1160x870.jpg 1160w, https:\/\/magazine.prestigevillarental.com\/wp-content\/uploads\/2023\/09\/Mangrove-grand-cul-de-sac-guadeloupe-800x600.jpg 800w, https:\/\/magazine.prestigevillarental.com\/wp-content\/uploads\/2023\/09\/Mangrove-grand-cul-de-sac-guadeloupe-320x240.jpg 320w, https:\/\/magazine.prestigevillarental.com\/wp-content\/uploads\/2023\/09\/Mangrove-grand-cul-de-sac-guadeloupe-300x225.jpg 300w, https:\/\/magazine.prestigevillarental.com\/wp-content\/uploads\/2023\/09\/Mangrove-grand-cul-de-sac-guadeloupe-120x90.jpg 120w, https:\/\/magazine.prestigevillarental.com\/wp-content\/uploads\/2023\/09\/Mangrove-grand-cul-de-sac-guadeloupe-90x68.jpg 90w, https:\/\/magazine.prestigevillarental.com\/wp-content\/uploads\/2023\/09\/Mangrove-grand-cul-de-sac-guadeloupe-560x420.jpg 560w, https:\/\/magazine.prestigevillarental.com\/wp-content\/uploads\/2023\/09\/Mangrove-grand-cul-de-sac-guadeloupe-600x450.jpg 600w, https:\/\/magazine.prestigevillarental.com\/wp-content\/uploads\/2023\/09\/Mangrove-grand-cul-de-sac-guadeloupe-240x180.jpg 240w, https:\/\/magazine.prestigevillarental.com\/wp-content\/uploads\/2023\/09\/Mangrove-grand-cul-de-sac-guadeloupe-180x136.jpg 180w, https:\/\/magazine.prestigevillarental.com\/wp-content\/uploads\/2023\/09\/Mangrove-grand-cul-de-sac-guadeloupe-640x480.jpg 640w, https:\/\/magazine.prestigevillarental.com\/wp-content\/uploads\/2023\/09\/Mangrove-grand-cul-de-sac-guadeloupe-1120x840.jpg 1120w, https:\/\/magazine.prestigevillarental.com\/wp-content\/uploads\/2023\/09\/Mangrove-grand-cul-de-sac-guadeloupe.jpg 1280w\" ><\/figure>\n\n<p>Das Grand Cul-de-Sac-Marin ist ein weiteres Juwel des Nationalparks von Guadeloupe. Er verbindet Grande-Terre und Basse-Terre, n\u00f6rdlich von Rivi\u00e8re Sal\u00e9e. <\/p>\n\n<p>Das Grand Cul-de-Sac-Marin wurde geschaffen, um die Mangrovenk\u00fcste und die Meeresgebiete dieser riesigen Lagune zu sch\u00fctzen. Dies bedeutet, dass Sie hier gesch\u00fctzte Pflanzen- und Tierarten beobachten k\u00f6nnen.   <\/p>\n\n<p>Das Interesse dieses Schutzgebietes besteht darin, das \u00d6kosystem und die bedrohte Biodiversit\u00e4t zu erhalten. Die Priorit\u00e4t besteht darin, dass die Tiere, V\u00f6gel, Fische und Insekten, die hier leben, sich friedlich und ohne St\u00f6rung durch den Menschen fortpflanzen k\u00f6nnen. <\/p>\n\n<p>Die Lagune ist so gro\u00df, dass sie aus 6 Zonen besteht und die Gemeinden Sainte-Rose, Morne \u00e0 l&#8217;eau, Les Abymes und Le Lamentin umfasst.<\/p>\n\n<p>Um das Grand Cul-de-Sac-Marin zu entdecken, ist eine Bootsfahrt mit dem Flibustier von Gosier oder <a href=\"https:\/\/www.guadeloupe-excursion.com\/\" target=\"_blank\" rel=\"noopener\">Blue Lagoon Excursion<\/a> von Sainte-Rose ideal.<\/p>\n\n<p>Sie k\u00f6nnen die Mangroven von La Rivi\u00e8re Sal\u00e9e und die Mangroven bewundern. Sie werden ein \u00d6ko-System entdecken, das Gro\u00df und Klein begeistern wird. <\/p>\n\n<p>Auf diesem Ausflug tauchen Sie in der N\u00e4he des Korallenriffs, wo Sie wundersch\u00f6ne Fische sehen k\u00f6nnen.<\/p>\n\n<p>Vergessen Sie nicht, ein UV-T-Shirt mitzunehmen, um einen Sonnenbrand unter Wasser zu vermeiden!<\/p>\n","protected":false},"excerpt":{"rendered":"<p>Haben Sie Lust auf eine Pause von den Str\u00e4nden und dem Faulenzen? Dann besuchen Sie eine gr\u00fcne Oase in Basse-Terre, im Naturpark von Guadeloupe. Der Naturpark wurde 1898 gegr\u00fcndet und&hellip;<\/p>\n","protected":false},"author":1,"featured_media":18301,"comment_status":"open","ping_status":"open","sticky":false,"template":"","format":"standard","meta":{"_jetpack_memberships_contains_paid_content":false,"footnotes":""},"categories":[153,125],"tags":[],"powerkit_post_featured":[],"class_list":{"0":"post-18295","1":"post","2":"type-post","3":"status-publish","4":"format-standard","5":"has-post-thumbnail","7":"category-guadeloupe-de","8":"category-ausfluge"},"jetpack_featured_media_url":"https:\/\/magazine.prestigevillarental.com\/wp-content\/uploads\/2023\/11\/chute-et-riviere-guadeloupe.jpeg","jetpack_sharing_enabled":true,"_links":{"self":[{"href":"https:\/\/magazine.prestigevillarental.com\/de\/wp-json\/wp\/v2\/posts\/18295","targetHints":{"allow":["GET"]}}],"collection":[{"href":"https:\/\/magazine.prestigevillarental.com\/de\/wp-json\/wp\/v2\/posts"}],"about":[{"href":"https:\/\/magazine.prestigevillarental.com\/de\/wp-json\/wp\/v2\/types\/post"}],"author":[{"embeddable":true,"href":"https:\/\/magazine.prestigevillarental.com\/de\/wp-json\/wp\/v2\/users\/1"}],"replies":[{"embeddable":true,"href":"https:\/\/magazine.prestigevillarental.com\/de\/wp-json\/wp\/v2\/comments?post=18295"}],"version-history":[{"count":6,"href":"https:\/\/magazine.prestigevillarental.com\/de\/wp-json\/wp\/v2\/posts\/18295\/revisions"}],"predecessor-version":[{"id":21750,"href":"https:\/\/magazine.prestigevillarental.com\/de\/wp-json\/wp\/v2\/posts\/18295\/revisions\/21750"}],"wp:featuredmedia":[{"embeddable":true,"href":"https:\/\/magazine.prestigevillarental.com\/de\/wp-json\/wp\/v2\/media\/18301"}],"wp:attachment":[{"href":"https:\/\/magazine.prestigevillarental.com\/de\/wp-json\/wp\/v2\/media?parent=18295"}],"wp:term":[{"taxonomy":"category","embeddable":true,"href":"https:\/\/magazine.prestigevillarental.com\/de\/wp-json\/wp\/v2\/categories?post=18295"},{"taxonomy":"post_tag","embeddable":true,"href":"https:\/\/magazine.prestigevillarental.com\/de\/wp-json\/wp\/v2\/tags?post=18295"},{"taxonomy":"powerkit_post_featured","embeddable":true,"href":"https:\/\/magazine.prestigevillarental.com\/de\/wp-json\/wp\/v2\/powerkit_post_featured?post=18295"}],"curies":[{"name":"wp","href":"https:\/\/api.w.org\/{rel}","templated":true}]}}