{"id":19572,"date":"2025-09-07T07:26:00","date_gmt":"2025-09-07T05:26:00","guid":{"rendered":"https:\/\/magazine.prestigevillarental.com\/fuehrer-zu-den-lebensmittelmaerkten-an-der-cote-dazur-ein-eintauchen-in-die-welt-der-feinschmecker\/"},"modified":"2025-09-07T07:26:36","modified_gmt":"2025-09-07T05:26:36","slug":"fuehrer-zu-den-lebensmittelmaerkten-an-der-cote-dazur-ein-eintauchen-in-die-welt-der-feinschmecker","status":"publish","type":"post","link":"https:\/\/magazine.prestigevillarental.com\/de\/fuehrer-zu-den-lebensmittelmaerkten-an-der-cote-dazur-ein-eintauchen-in-die-welt-der-feinschmecker\/","title":{"rendered":"F\u00fchrer zu den Lebensmittelm\u00e4rkten an der C\u00f4te d&#8217;Azur: Ein Eintauchen in die Welt der Feinschmecker"},"content":{"rendered":"\n<h2 id=\"einfuehrung\" class=\"wp-block-heading\">Einf\u00fchrung<\/h2>\n\n<p>Willkommen an der Franz\u00f6sischen Riviera, einem Gebiet, in dem Sonne, Meer und Gastronomie perfekt miteinander verbunden sind. Die M\u00e4rkte an der C\u00f4te d&#8217;Azur sind mehr als nur ein Ort zum Einkaufen: Sie sind wahre Institutionen, auf denen sich bet\u00f6rende D\u00fcfte, leuchtende Farben und au\u00dfergew\u00f6hnliche Produkte vermischen. Ob Sie nun auf der Suche nach dem besten Obst und Gem\u00fcse, reifem K\u00e4se, schmackhaften Oliven oder frisch gefangenem Fisch sind, jeder Markt hat seine eigene Identit\u00e4t und eine einzigartige Atmosph\u00e4re. Folgen Sie mir auf diesem Gourmet-Spaziergang zu den sch\u00f6nsten M\u00e4rkten an der franz\u00f6sischen Riviera!   <\/p>\n\n<h2 id=\"1-die-wichtigsten-maerkte-an-der-cote-dazur\" class=\"wp-block-heading\">1. Die wichtigsten M\u00e4rkte an der C\u00f4te d&#8217;Azur<\/h2>\n\n<h3 id=\"markt-auf-dem-cours-saleya-nizza\" class=\"wp-block-heading\"><strong>Markt auf dem Cours Saleya &#8211; Nizza<\/strong><\/h3>\n\n<figure class=\"wp-block-image size-large\"><img  loading=\"lazy\"  decoding=\"async\"  width=\"1160\"  height=\"870\"  src=\"data:image\/png;base64,iVBORw0KGgoAAAANSUhEUgAABIgAAANmAQMAAACrCyL8AAAAA1BMVEUAAP+KeNJXAAAAAXRSTlMAQObYZgAAAAlwSFlzAAAOxAAADsQBlSsOGwAAAJJJREFUeNrtwTEBAAAAwqD1T20JT6AAAAAAAAAAAAAAAAAAAAAAAAAAAAAAAAAAAAAAAAAAAAAAAAAAAAAAAAAAAAAAAAAAAAAAAAAAAAAAAAAAAAAAAAAAAAAAAAAAAAAAAAAAAAAAAAAAAAAAAAAAAAAAAAAAAAAAAAAAAAAAAAAAAAAAAAAAAAAAAAAAAAD+BvA7AAGTZkFsAAAAAElFTkSuQmCC\"  alt=\"\"  class=\"wp-image-19506 pk-lazyload\"  data-pk-sizes=\"auto\"  data-ls-sizes=\"auto, (max-width: 1160px) 100vw, 1160px\"  data-pk-src=\"https:\/\/magazine.prestigevillarental.com\/wp-content\/uploads\/2025\/09\/cours-saleya-1160x870.jpg\"  data-pk-srcset=\"https:\/\/magazine.prestigevillarental.com\/wp-content\/uploads\/2025\/09\/cours-saleya-1160x870.jpg 1160w, https:\/\/magazine.prestigevillarental.com\/wp-content\/uploads\/2025\/09\/cours-saleya-800x600.jpg 800w, https:\/\/magazine.prestigevillarental.com\/wp-content\/uploads\/2025\/09\/cours-saleya-320x240.jpg 320w, https:\/\/magazine.prestigevillarental.com\/wp-content\/uploads\/2025\/09\/cours-saleya-1536x1152.jpg 1536w, https:\/\/magazine.prestigevillarental.com\/wp-content\/uploads\/2025\/09\/cours-saleya-2048x1536.jpg 2048w, https:\/\/magazine.prestigevillarental.com\/wp-content\/uploads\/2025\/09\/cours-saleya-300x225.jpg 300w, https:\/\/magazine.prestigevillarental.com\/wp-content\/uploads\/2025\/09\/cours-saleya-120x90.jpg 120w, https:\/\/magazine.prestigevillarental.com\/wp-content\/uploads\/2025\/09\/cours-saleya-90x68.jpg 90w, https:\/\/magazine.prestigevillarental.com\/wp-content\/uploads\/2025\/09\/cours-saleya-560x420.jpg 560w, https:\/\/magazine.prestigevillarental.com\/wp-content\/uploads\/2025\/09\/cours-saleya-1920x1440.jpg 1920w, https:\/\/magazine.prestigevillarental.com\/wp-content\/uploads\/2025\/09\/cours-saleya-600x450.jpg 600w, https:\/\/magazine.prestigevillarental.com\/wp-content\/uploads\/2025\/09\/cours-saleya-240x180.jpg 240w, https:\/\/magazine.prestigevillarental.com\/wp-content\/uploads\/2025\/09\/cours-saleya-180x136.jpg 180w, https:\/\/magazine.prestigevillarental.com\/wp-content\/uploads\/2025\/09\/cours-saleya-640x480.jpg 640w, https:\/\/magazine.prestigevillarental.com\/wp-content\/uploads\/2025\/09\/cours-saleya-1120x840.jpg 1120w, https:\/\/magazine.prestigevillarental.com\/wp-content\/uploads\/2025\/09\/cours-saleya-1600x1200.jpg 1600w, https:\/\/magazine.prestigevillarental.com\/wp-content\/uploads\/2025\/09\/cours-saleya-2320x1740.jpg 2320w, https:\/\/magazine.prestigevillarental.com\/wp-content\/uploads\/2025\/09\/cours-saleya.jpg 2500w\" ><\/figure>\n\n<p>Wenn Sie nur einen einzigen Markt an der C\u00f4te d&#8217;Azur besuchen, dann ist es der Markt auf dem <em>Cours Saleya<\/em> in Nizza. Er liegt zwischen der Altstadt von Nizza und dem Meer und bietet eine Explosion von Farben und Ger\u00fcchen, mit Blumenst\u00e4nden, sonnenverw\u00f6hnten Fr\u00fcchten und Nizzaer Spezialit\u00e4ten wie Socca und Pissaladi\u00e8re. Es ist ein unumg\u00e4nglicher Ort, an dem man flanieren und einen Kaffee unter den Arkaden trinken kann. Der Markt ist auch ein ausgezeichneter Ort, um Gew\u00fcrze, handgefertigten Honig und au\u00dfergew\u00f6hnliche Oliven\u00f6le zu finden, perfekt um ein St\u00fcck C\u00f4te d&#8217;Azur mit nach Hause zu nehmen.   <\/p>\n\n<h3 id=\"forville-markt-cannes\" class=\"wp-block-heading\"><strong>Forville Markt &#8211; Cannes<\/strong><\/h3>\n\n<figure class=\"wp-block-image size-large\"><img  loading=\"lazy\"  decoding=\"async\"  width=\"1160\"  height=\"580\"  src=\"data:image\/png;base64,iVBORw0KGgoAAAANSUhEUgAABIgAAAJEAQMAAABHGI11AAAAA1BMVEUAAP+KeNJXAAAAAXRSTlMAQObYZgAAAAlwSFlzAAAOxAAADsQBlSsOGwAAAGlJREFUeNrtwTEBAAAAwqD1T20Hb6AAAAAAAAAAAAAAAAAAAAAAAAAAAAAAAAAAAAAAAAAAAAAAAAAAAAAAAAAAAAAAAAAAAAAAAAAAAAAAAAAAAAAAAAAAAAAAAAAAAAAAAAAAAAAAPgNK1wABD8XdBAAAAABJRU5ErkJggg==\"  alt=\"\"  class=\"wp-image-19512 pk-lazyload\"  data-pk-sizes=\"auto\"  data-ls-sizes=\"auto, (max-width: 1160px) 100vw, 1160px\"  data-pk-src=\"https:\/\/magazine.prestigevillarental.com\/wp-content\/uploads\/2025\/09\/marche-forville-cannes-1160x580.jpg\"  data-pk-srcset=\"https:\/\/magazine.prestigevillarental.com\/wp-content\/uploads\/2025\/09\/marche-forville-cannes-1160x580.jpg 1160w, https:\/\/magazine.prestigevillarental.com\/wp-content\/uploads\/2025\/09\/marche-forville-cannes-800x400.jpg 800w, https:\/\/magazine.prestigevillarental.com\/wp-content\/uploads\/2025\/09\/marche-forville-cannes-1536x768.jpg 1536w, https:\/\/magazine.prestigevillarental.com\/wp-content\/uploads\/2025\/09\/marche-forville-cannes-120x60.jpg 120w, https:\/\/magazine.prestigevillarental.com\/wp-content\/uploads\/2025\/09\/marche-forville-cannes-90x45.jpg 90w, https:\/\/magazine.prestigevillarental.com\/wp-content\/uploads\/2025\/09\/marche-forville-cannes-320x160.jpg 320w, https:\/\/magazine.prestigevillarental.com\/wp-content\/uploads\/2025\/09\/marche-forville-cannes-560x280.jpg 560w, https:\/\/magazine.prestigevillarental.com\/wp-content\/uploads\/2025\/09\/marche-forville-cannes-240x120.jpg 240w, https:\/\/magazine.prestigevillarental.com\/wp-content\/uploads\/2025\/09\/marche-forville-cannes-180x90.jpg 180w, https:\/\/magazine.prestigevillarental.com\/wp-content\/uploads\/2025\/09\/marche-forville-cannes-640x320.jpg 640w, https:\/\/magazine.prestigevillarental.com\/wp-content\/uploads\/2025\/09\/marche-forville-cannes-1120x560.jpg 1120w, https:\/\/magazine.prestigevillarental.com\/wp-content\/uploads\/2025\/09\/marche-forville-cannes-1600x800.jpg 1600w, https:\/\/magazine.prestigevillarental.com\/wp-content\/uploads\/2025\/09\/marche-forville-cannes.jpg 1920w\" ><\/figure>\n\n<p>Der <em>March\u00e9 Forville<\/em> liegt nur wenige Schritte vom Alten Hafen entfernt und ist eine wahre Ode an die Produkte der Region. Schon fr\u00fch am Morgen kommen die Fischer, um ihren Fang des Tages zu verkaufen, w\u00e4hrend die lokalen Produzenten handgemachte Wurstwaren, Oliven\u00f6l und erntefrisches Gem\u00fcse anbieten. Der Markt ist auch f\u00fcr seine St\u00e4nde mit Tr\u00fcffeln und wilden Pilzen in der Saison bekannt und zieht lokale K\u00f6che an, die auf der Suche nach au\u00dfergew\u00f6hnlichen Zutaten sind. Wenn Sie ein Liebhaber der mediterranen K\u00fcche sind, ist dieser Markt ein Muss, um die authentischen Aromen der Region zu entdecken.   <\/p>\n\n<h3 id=\"marche-de-la-liberation-nizza\" class=\"wp-block-heading\"><strong>March\u00e9 de la Lib\u00e9ration &#8211; Nizza<\/strong><\/h3>\n\n<p>Etwas weniger touristisch als der Cours Saleya, ist der <em>March\u00e9 de la Lib\u00e9ration<\/em> einer der beliebtesten M\u00e4rkte der Einheimischen. Hier gibt es kein Getue, sondern man kommt wegen der Qualit\u00e4t und der Vielfalt der Produkte. Die St\u00e4nde sind voll von regionalen Spezialit\u00e4ten, von Lavendelhonig \u00fcber Bergk\u00e4se bis hin zu tadellos frischen Meeresfr\u00fcchten. Dieser Markt zeichnet sich auch durch seinen Fischmarkt aus, auf dem Sie die Fischprodukte des Tages direkt von den Fischern kaufen k\u00f6nnen.   <\/p>\n\n<h3 id=\"provenzalischer-markt-in-antibes\" class=\"wp-block-heading\"><strong>Provenzalischer Markt in Antibes<\/strong><\/h3>\n\n<figure class=\"wp-block-image size-full\"><img  loading=\"lazy\"  decoding=\"async\"  width=\"800\"  height=\"643\"  src=\"data:image\/png;base64,iVBORw0KGgoAAAANSUhEUgAAAyAAAAKDAQMAAADYQfzfAAAAA1BMVEUAAP+KeNJXAAAAAXRSTlMAQObYZgAAAAlwSFlzAAAOxAAADsQBlSsOGwAAAFZJREFUeNrtwQENAAAAwqD3T20ON6AAAAAAAAAAAAAAAAAAAAAAAAAAAAAAAAAAAAAAAAAAAAAAAAAAAAAAAAAAAAAAAAAAAAAAAAAAAAAAAAAAAIBTA\/2vAAHf6RS5AAAAAElFTkSuQmCC\"  alt=\"\"  class=\"wp-image-19518 pk-lazyload\"  data-pk-sizes=\"auto\"  data-ls-sizes=\"auto, (max-width: 800px) 100vw, 800px\"  data-pk-src=\"https:\/\/magazine.prestigevillarental.com\/wp-content\/uploads\/2025\/09\/marche-provencal-a-antibes.jpeg\"  data-pk-srcset=\"https:\/\/magazine.prestigevillarental.com\/wp-content\/uploads\/2025\/09\/marche-provencal-a-antibes.jpeg 800w, https:\/\/magazine.prestigevillarental.com\/wp-content\/uploads\/2025\/09\/marche-provencal-a-antibes-120x96.jpeg 120w, https:\/\/magazine.prestigevillarental.com\/wp-content\/uploads\/2025\/09\/marche-provencal-a-antibes-90x72.jpeg 90w, https:\/\/magazine.prestigevillarental.com\/wp-content\/uploads\/2025\/09\/marche-provencal-a-antibes-320x257.jpeg 320w, https:\/\/magazine.prestigevillarental.com\/wp-content\/uploads\/2025\/09\/marche-provencal-a-antibes-560x450.jpeg 560w, https:\/\/magazine.prestigevillarental.com\/wp-content\/uploads\/2025\/09\/marche-provencal-a-antibes-240x193.jpeg 240w, https:\/\/magazine.prestigevillarental.com\/wp-content\/uploads\/2025\/09\/marche-provencal-a-antibes-180x145.jpeg 180w, https:\/\/magazine.prestigevillarental.com\/wp-content\/uploads\/2025\/09\/marche-provencal-a-antibes-640x514.jpeg 640w\" ><\/figure>\n\n<p>Der <em>provenzalische Markt in Antibes<\/em> ist ein Juwel. Jeden Morgen vermischen sich in den \u00fcberdachten Hallen die D\u00fcfte von Thymian und Lavendel mit den verlockenden Ger\u00fcchen von K\u00e4se und handwerklich hergestellten Wurstwaren. Am Nachmittag verwandelt sich der Raum in eine Kunstgalerie, in der lokale K\u00fcnstler ihre Werke ausstellen. Es ist auch der ideale Ort, um auf der Terrasse ein Glas k\u00fchlen Ros\u00e9 zu genie\u00dfen, nachdem Sie Ihren Korb mit regionalen K\u00f6stlichkeiten gef\u00fcllt haben.   <\/p>\n\n<h3 id=\"markt-in-menton\" class=\"wp-block-heading\"><strong>Markt in Menton<\/strong><\/h3>\n\n<figure class=\"wp-block-image size-large\"><img  loading=\"lazy\"  decoding=\"async\"  width=\"1160\"  height=\"870\"  src=\"data:image\/png;base64,iVBORw0KGgoAAAANSUhEUgAABIgAAANmAQMAAACrCyL8AAAAA1BMVEUAAP+KeNJXAAAAAXRSTlMAQObYZgAAAAlwSFlzAAAOxAAADsQBlSsOGwAAAJJJREFUeNrtwTEBAAAAwqD1T20JT6AAAAAAAAAAAAAAAAAAAAAAAAAAAAAAAAAAAAAAAAAAAAAAAAAAAAAAAAAAAAAAAAAAAAAAAAAAAAAAAAAAAAAAAAAAAAAAAAAAAAAAAAAAAAAAAAAAAAAAAAAAAAAAAAAAAAAAAAAAAAAAAAAAAAAAAAAAAAAAAAAAAAD+BvA7AAGTZkFsAAAAAElFTkSuQmCC\"  alt=\"\"  class=\"wp-image-19524 pk-lazyload\"  data-pk-sizes=\"auto\"  data-ls-sizes=\"auto, (max-width: 1160px) 100vw, 1160px\"  data-pk-src=\"https:\/\/magazine.prestigevillarental.com\/wp-content\/uploads\/2025\/09\/marche-menton-1160x870.jpg\"  data-pk-srcset=\"https:\/\/magazine.prestigevillarental.com\/wp-content\/uploads\/2025\/09\/marche-menton-1160x870.jpg 1160w, https:\/\/magazine.prestigevillarental.com\/wp-content\/uploads\/2025\/09\/marche-menton-800x600.jpg 800w, https:\/\/magazine.prestigevillarental.com\/wp-content\/uploads\/2025\/09\/marche-menton-320x240.jpg 320w, https:\/\/magazine.prestigevillarental.com\/wp-content\/uploads\/2025\/09\/marche-menton-300x225.jpg 300w, https:\/\/magazine.prestigevillarental.com\/wp-content\/uploads\/2025\/09\/marche-menton-120x90.jpg 120w, https:\/\/magazine.prestigevillarental.com\/wp-content\/uploads\/2025\/09\/marche-menton-90x68.jpg 90w, https:\/\/magazine.prestigevillarental.com\/wp-content\/uploads\/2025\/09\/marche-menton-560x420.jpg 560w, https:\/\/magazine.prestigevillarental.com\/wp-content\/uploads\/2025\/09\/marche-menton-600x450.jpg 600w, https:\/\/magazine.prestigevillarental.com\/wp-content\/uploads\/2025\/09\/marche-menton-240x180.jpg 240w, https:\/\/magazine.prestigevillarental.com\/wp-content\/uploads\/2025\/09\/marche-menton-180x136.jpg 180w, https:\/\/magazine.prestigevillarental.com\/wp-content\/uploads\/2025\/09\/marche-menton-640x480.jpg 640w, https:\/\/magazine.prestigevillarental.com\/wp-content\/uploads\/2025\/09\/marche-menton-1120x840.jpg 1120w, https:\/\/magazine.prestigevillarental.com\/wp-content\/uploads\/2025\/09\/marche-menton.jpg 1300w\" ><\/figure>\n\n<p>Menton, die Perle der Riviera, feiert seine Liebe zu Zitrusfr\u00fcchten mit einem farbenfrohen Markt, auf dem Zitronen, Orangen und Mandarinen im Mittelpunkt stehen. Neben den typischen Produkten des S\u00fcdens finden Sie hier auch k\u00f6stliche hausgemachte Marmeladen und frische Pasta mit sonnigem Geschmack. Der Markt bietet auch handgemachte S\u00fc\u00dfigkeiten, wie die ber\u00fchmten Zitronenkekse von Menton, die Sie sich nicht entgehen lassen sollten.  <\/p>\n\n<h3 id=\"andere-maerkte-die-es-zu-entdecken-gilt\" class=\"wp-block-heading\"><strong>Andere M\u00e4rkte, die es zu entdecken gilt<\/strong><\/h3>\n\n<ul class=\"wp-block-list\">\n<li><strong>March\u00e9 de Saint-Tropez<\/strong>: Ein schicker Treffpunkt, an dem Sie au\u00dfergew\u00f6hnliche Produkte neben den Kreationen lokaler Designer finden.<\/li>\n\n\n\n<li><strong>Markt von Villefranche-sur-Mer<\/strong>: Ein intimerer Markt, der f\u00fcr seine St\u00e4nde mit frischem Fisch und handgefertigten Produkten beliebt ist.<\/li>\n\n\n\n<li><strong>Markt in La Bocca (Cannes)<\/strong>: Ein beliebter Markt, der eine gro\u00dfe Vielfalt an Obst, Gem\u00fcse und lokalen Spezialit\u00e4ten zu erschwinglicheren Preisen anbietet.<\/li>\n<\/ul>\n\n<h2 id=\"2-warum-sollten-sie-die-maerkte-an-der-cote-dazur-besuchen\" class=\"wp-block-heading\">2. Warum sollten Sie die M\u00e4rkte an der C\u00f4te d&#8217;Azur besuchen?<\/h2>\n\n<h3 id=\"ein-festival-der-aromen-und-farben\" class=\"wp-block-heading\"><strong>Ein Festival der Aromen und Farben<\/strong><\/h3>\n\n<p>Die M\u00e4rkte an der Riviera sind eine Explosion von D\u00fcften und Farben. Zwischen den St\u00e4nden mit reifen Fr\u00fcchten, Kr\u00e4uterstr\u00e4u\u00dfen und zappelnden Fischen ist jeder Markt eine unvergessliche Reise f\u00fcr die Sinne. <\/p>\n\n<h3 id=\"frische-und-lokale-produkte\" class=\"wp-block-heading\"><strong>Frische und lokale Produkte<\/strong><\/h3>\n\n<p>Die N\u00e4he zum Meer und die fruchtbaren B\u00f6den des Hinterlandes sorgen f\u00fcr Produkte von au\u00dfergew\u00f6hnlicher Qualit\u00e4t. Hier ist alles saisonal, oft biologisch und wird direkt von den Erzeugern verkauft. <\/p>\n\n<h3 id=\"ein-geselliger-treffpunkt\" class=\"wp-block-heading\"><strong>Ein geselliger Treffpunkt<\/strong><\/h3>\n\n<p>Auf den M\u00e4rkten nimmt man sich die Zeit, mit einem leidenschaftlichen Gem\u00fcsebauern oder K\u00e4ser zu sprechen, zu probieren und ein L\u00e4cheln zu teilen. Es ist die Seele der C\u00f4te d&#8217;Azur, die durch diese authentischen Begegnungen zum Ausdruck kommt. <\/p>\n\n<h2 id=\"3-tipps-um-ihren-besuch-zu-geniessen\" class=\"wp-block-heading\">3. Tipps, um Ihren Besuch zu genie\u00dfen<\/h2>\n\n<h3 id=\"kommen-sie-frueh-am-morgen\" class=\"wp-block-heading\"><strong>Kommen Sie fr\u00fch am Morgen<\/strong><\/h3>\n\n<p>Die besten Produkte sind schnell ausverkauft! Wenn Sie fr\u00fch ankommen, haben Sie eine gr\u00f6\u00dfere Auswahl und vermeiden den Touristenansturm am sp\u00e4ten Vormittag. <\/p>\n\n<h3 id=\"zoegern-sie-nicht-mit-den-produzenten-zu-sprechen\" class=\"wp-block-heading\"><strong>Z\u00f6gern Sie nicht, mit den Produzenten zu sprechen<\/strong><\/h3>\n\n<p>Sie teilen oft gerne ihr Wissen und geben Tipps, wie man ihre Produkte am besten zubereitet.<\/p>\n\n<h3 id=\"bringen-sie-einen-korb-oder-eine-tote-bag-mit\" class=\"wp-block-heading\"><strong>Bringen Sie einen Korb oder eine Tote Bag mit<\/strong><\/h3>\n\n<p>Die M\u00e4rkte an der C\u00f4te d&#8217;Azur sind gro\u00dfz\u00fcgig und Sie k\u00f6nnen davon ausgehen, dass Sie mit vielen guten Dingen nach Hause gehen werden. Eine wiederverwendbare Tasche wird Ihnen helfen, zu viele Plastikt\u00fcten zu vermeiden. <\/p>\n\n<h3 id=\"probieren-sie-vor-ort\" class=\"wp-block-heading\"><strong>Probieren Sie vor Ort<\/strong><\/h3>\n\n<p>Auf einigen M\u00e4rkten gibt es St\u00e4nde, an denen Sie frisch zubereitete lokale Spezialit\u00e4ten probieren k\u00f6nnen. Verpassen Sie nicht die Gelegenheit, eine hausgemachte Tapenade oder ein St\u00fcck K\u00e4se vom Bauernhof zu probieren! <\/p>\n\n<h2 id=\"schlussfolgerung\" class=\"wp-block-heading\">Schlussfolgerung<\/h2>\n\n<p>Ein Spaziergang \u00fcber einen Markt an der C\u00f4te d&#8217;Azur ist ein zeitloser Moment, ein Eintauchen in die mediterrane Lebensart. Zwischen den Geschm\u00e4ckern, den Begegnungen und dem fr\u00f6hlichen Treiben ist jeder Besuch eine Feier der lokalen Gastronomie. Wenn Sie also das n\u00e4chste Mal im S\u00fcden sind, lassen Sie sich von den D\u00fcften des Marktes tragen und decken Sie sich mit Gourmetsch\u00e4tzen ein!  <\/p>\n","protected":false},"excerpt":{"rendered":"<p>Einf\u00fchrung Willkommen an der Franz\u00f6sischen Riviera, einem Gebiet, in dem Sonne, Meer und Gastronomie perfekt miteinander verbunden sind. Die M\u00e4rkte an der C\u00f4te d&#8217;Azur sind mehr als nur ein Ort&hellip;<\/p>\n","protected":false},"author":1,"featured_media":19539,"comment_status":"open","ping_status":"open","sticky":false,"template":"","format":"standard","meta":{"_jetpack_memberships_contains_paid_content":false,"footnotes":""},"categories":[141,142,138],"tags":[],"powerkit_post_featured":[],"class_list":{"0":"post-19572","1":"post","2":"type-post","3":"status-publish","4":"format-standard","5":"has-post-thumbnail","7":"category-cote-dazur-de","8":"category-frankreich","9":"category-gastronomie-de"},"jetpack_featured_media_url":"https:\/\/magazine.prestigevillarental.com\/wp-content\/uploads\/2025\/09\/marche-cote-azur.jpeg","jetpack_sharing_enabled":true,"_links":{"self":[{"href":"https:\/\/magazine.prestigevillarental.com\/de\/wp-json\/wp\/v2\/posts\/19572","targetHints":{"allow":["GET"]}}],"collection":[{"href":"https:\/\/magazine.prestigevillarental.com\/de\/wp-json\/wp\/v2\/posts"}],"about":[{"href":"https:\/\/magazine.prestigevillarental.com\/de\/wp-json\/wp\/v2\/types\/post"}],"author":[{"embeddable":true,"href":"https:\/\/magazine.prestigevillarental.com\/de\/wp-json\/wp\/v2\/users\/1"}],"replies":[{"embeddable":true,"href":"https:\/\/magazine.prestigevillarental.com\/de\/wp-json\/wp\/v2\/comments?post=19572"}],"version-history":[{"count":1,"href":"https:\/\/magazine.prestigevillarental.com\/de\/wp-json\/wp\/v2\/posts\/19572\/revisions"}],"predecessor-version":[{"id":19575,"href":"https:\/\/magazine.prestigevillarental.com\/de\/wp-json\/wp\/v2\/posts\/19572\/revisions\/19575"}],"wp:featuredmedia":[{"embeddable":true,"href":"https:\/\/magazine.prestigevillarental.com\/de\/wp-json\/wp\/v2\/media\/19539"}],"wp:attachment":[{"href":"https:\/\/magazine.prestigevillarental.com\/de\/wp-json\/wp\/v2\/media?parent=19572"}],"wp:term":[{"taxonomy":"category","embeddable":true,"href":"https:\/\/magazine.prestigevillarental.com\/de\/wp-json\/wp\/v2\/categories?post=19572"},{"taxonomy":"post_tag","embeddable":true,"href":"https:\/\/magazine.prestigevillarental.com\/de\/wp-json\/wp\/v2\/tags?post=19572"},{"taxonomy":"powerkit_post_featured","embeddable":true,"href":"https:\/\/magazine.prestigevillarental.com\/de\/wp-json\/wp\/v2\/powerkit_post_featured?post=19572"}],"curies":[{"name":"wp","href":"https:\/\/api.w.org\/{rel}","templated":true}]}}