{"id":11753,"date":"2025-07-04T08:29:00","date_gmt":"2025-07-04T06:29:00","guid":{"rendered":"https:\/\/magazine.prestigevillarental.com\/disenadores-y-artistas-locales-seducen-a-los-uhnw-en-la-costa-azul\/"},"modified":"2025-09-19T16:11:07","modified_gmt":"2025-09-19T14:11:07","slug":"disenadores-y-artistas-locales-seducen-a-los-uhnw-en-la-costa-azul","status":"publish","type":"post","link":"https:\/\/magazine.prestigevillarental.com\/es\/disenadores-y-artistas-locales-seducen-a-los-uhnw-en-la-costa-azul\/","title":{"rendered":"Dise\u00f1adores y artistas locales seducen a los UHNW en la Costa Azul"},"content":{"rendered":"\n<p>La Costa Azul no es s\u00f3lo un escenario de postal para veraneantes adinerados. Tambi\u00e9n es un escenario efervescente de creaci\u00f3n art\u00edstica y dise\u00f1o, donde florecen talentos de renombre mundial. Inspirados por la luz mediterr\u00e1nea y el patrimonio cultural local, interioristas, artistas contempor\u00e1neos, joyeros y relojeros contribuyen a dar forma a una est\u00e9tica \u00fanica, apreciada por los Ultra High Net Worth Individuals (UHNW).  <\/p>\n\n<h2 id=\"1-disenadores-de-muebles-e-interiores\" class=\"wp-block-heading\"><strong>1. Dise\u00f1adores de muebles e interiores<\/strong><\/h2>\n\n<h3 id=\"philippe-starck-el-icono-del-diseno-frances\" class=\"wp-block-heading\"><strong>Philippe Starck &#8211; El icono del dise\u00f1o franc\u00e9s<\/strong><\/h3>\n\n<p>Philippe Starck ha dejado su impronta en la escena internacional del dise\u00f1o, pero es tambi\u00e9n en la Costa Azul donde despliega su audacia. Desde los interiores de las villas hasta los dise\u00f1os futuristas de los yates, Starck combina lujo, confort y narraci\u00f3n visual. Sus creaciones no son s\u00f3lo est\u00e9ticamente agradables, siempre cuentan una historia: la historia del lugar, del propietario y de la \u00e9poca.  <\/p>\n\n<h3 id=\"humbert-poyet-elegancia-y-minimalismo\" class=\"wp-block-heading\"><strong>Humbert &amp; Poyet &#8211; Elegancia y minimalismo<\/strong><\/h3>\n\n<p>Con sede en <a class=\"wpil_keyword_link\" href=\"https:\/\/magazine.prestigevillarental.com\/es\/monaco-elegido-mejor-destino-europeo-2025\/\" title=\"M&#xF3;naco: elegido Mejor Destino Europeo 2025\" data-wpil-keyword-link=\"linked\" data-wpil-monitor-id=\"2390\">M\u00f3naco<\/a>, el d\u00fao Humbert &amp; Poyet encarna la elegancia contempor\u00e1nea. \u00bfSu firma? Un dise\u00f1o de interiores sofisticado y depurado, que combina materiales nobles, l\u00edneas armoniosas y atenci\u00f3n al detalle. Su trabajo, sobre todo en hoteles de lujo y residencias privadas, refleja un equilibrio perfecto entre modernidad y calidez mediterr\u00e1nea.   <\/p>\n\n<h3 id=\"pierre-yovanovitch-diseno-de-alta-costura\" class=\"wp-block-heading\"><strong>Pierre Yovanovitch &#8211; Dise\u00f1o de alta costura<\/strong><\/h3>\n\n<p>Verdadero \u00abmodisto de la arquitectura interior\u00bb, Pierre Yovanovitch trata cada proyecto como una pieza \u00fanica. Su residencia de Saint-Jean-Cap-Ferrat ilustra su capacidad para fusionar el rigor arquitect\u00f3nico con la sensualidad de los materiales, en un enfoque a medida que atrae a clientes en busca de un refinamiento absoluto. <\/p>\n\n<h2 id=\"2-artistas-contemporaneos-ineludibles\" class=\"wp-block-heading\"><strong>2. Artistas contempor\u00e1neos ineludibles<\/strong><\/h2>\n\n<h3 id=\"ben-vautier-arte-conceptual-hecho-en-niza\" class=\"wp-block-heading\"><strong>Ben Vautier &#8211; Arte conceptual hecho en Niza<\/strong><\/h3>\n\n<p>Afincado en Niza, Ben Vautier -m\u00e1s conocido como Ben- es uno de los pioneros del arte conceptual. Su obra, centrada en el lenguaje, desaf\u00eda las convenciones e interpela al espectador. Sus instalaciones, a menudo interactivas, pueden verse en galer\u00edas internacionales y en espacios p\u00fablicos de toda la Costa Azul.  <\/p>\n\n<h3 id=\"sacha-sosno-fusion-entre-escultura-y-arquitectura\" class=\"wp-block-heading\"><strong>Sacha Sosno &#8211; Fusi\u00f3n entre escultura y arquitectura<\/strong><\/h3>\n\n<p>Sacha Sosno dej\u00f3 su huella en el paisaje de Niza con sus esculturas monumentales. El ejemplo m\u00e1s famoso es la \u00abT\u00eate Carr\u00e9e\u00bb, que alberga las oficinas de la biblioteca Louis Nuc\u00e9ra. Esta obra ilustra a la perfecci\u00f3n su deseo de borrar parcialmente las formas, un enfoque que \u00e9l describi\u00f3 como \u00abescultura obliteradora\u00bb, en la encrucijada del arte y la arquitectura.  <\/p>\n\n<h3 id=\"laurence-jenkell-el-arte-de-los-dulces-iconicos\" class=\"wp-block-heading\"><strong>Laurence Jenkell &#8211; El arte de los dulces ic\u00f3nicos<\/strong><\/h3>\n\n<p>Afincada en Vallauris, Laurence Jenkell ha sido aclamada en todo el mundo por sus esculturas de caramelos de plexigl\u00e1s y aluminio. Estas obras coloristas y golosas se han convertido en s\u00edmbolos del lujo pop, y se exponen regularmente en eventos internacionales como el Festival de Cine de Cannes. <\/p>\n\n<h2 id=\"3-joyeria-y-alta-relojeria-la-excelencia-de-la-costa-azul\" class=\"wp-block-heading\"><strong>3. Joyer\u00eda y Alta Relojer\u00eda: la excelencia de la Costa Azul<\/strong><\/h2>\n\n<h3 id=\"lorenz-baumer-el-maestro-joyero-de-la-riviera\" class=\"wp-block-heading\"><strong>Lorenz B\u00e4umer &#8211; El maestro joyero de la Riviera<\/strong><\/h3>\n\n<p>Entre Par\u00eds y M\u00f3naco, Lorenz B\u00e4umer crea joyas a medida para una clientela muy exigente. Inspirado en la naturaleza, el arte y la ciencia, su atrevido estilo combina alta tecnolog\u00eda y artesan\u00eda. No es raro que sus clientes participen activamente en el proceso de creaci\u00f3n, lo que hace que cada pieza sea profundamente personal.  <\/p>\n\n<h3 id=\"maison-faberge-el-arte-de-la-joyeria-revisitado\" class=\"wp-block-heading\"><strong>Maison Faberg\u00e9 &#8211; El arte de la joyer\u00eda revisitado<\/strong><\/h3>\n\n<p>Arraigada en la herencia imperial rusa, la Casa Faberg\u00e9 encarna la elegancia y una artesan\u00eda excepcional. Su sala de exposiciones de M\u00f3naco ofrece creaciones contempor\u00e1neas que reinterpretan los c\u00f3digos cl\u00e1sicos de la alta joyer\u00eda con una creatividad constantemente renovada. <\/p>\n\n<h3 id=\"franck-muller-relojeria-excepcional\" class=\"wp-block-heading\"><strong>Franck Muller &#8211; Relojer\u00eda excepcional<\/strong><\/h3>\n\n<p>Con sede en M\u00f3naco, Franck Muller es un maestro relojero conocido por sus relojes con complicaciones y dise\u00f1os atrevidos. Sus relojes, codiciados por los coleccionistas UHNW, combinan una mec\u00e1nica sofisticada con una est\u00e9tica asertiva, haciendo de cada reloj un s\u00edmbolo de prestigio. <\/p>\n\n<h2 id=\"4-acceso-exclusivo-y-asistencia-personalizada-con-prestige-villa-rental\" class=\"wp-block-heading\"><strong>4. Acceso exclusivo y asistencia personalizada con Prestige Villa Rental<\/strong><\/h2>\n\n<p>En Prestige Villa Rental, hacemos algo m\u00e1s que alquilar villas de lujo. Ofrecemos a nuestros clientes la posibilidad de adentrarse en el mundo del arte y el dise\u00f1o de la Costa Azul: <\/p>\n\n<ul class=\"wp-block-list\">\n<li><strong>Encuentros privados con artistas, dise\u00f1adores y artesanos<\/strong>, para descubrir sus estudios y sus mundos en total intimidad.<\/li>\n\n\n\n<li><strong>Adquisici\u00f3n de obras por encargo<\/strong> a trav\u00e9s de nuestra red de galeristas y editores de arte.<\/li>\n\n\n\n<li><strong>Asesoramiento personalizado<\/strong> para integrar arte y dise\u00f1o excepcionales en inmuebles alquilados o adquiridos.<\/li>\n<\/ul>\n\n<p>Cultivamos el arte de vivir y el gusto por lo excepcional, con un enfoque sensible y humano, fiel a nuestra visi\u00f3n del lujo: confidencial, aut\u00e9ntico y decididamente creativo.<\/p>\n\n<h2 id=\"conclusion\" class=\"wp-block-heading\"><strong>Conclusi\u00f3n<\/strong><\/h2>\n\n<p>La Costa Azul es mucho m\u00e1s que un destino costero. Es un caldo de cultivo de inspiraci\u00f3n y talento, una tierra de expresi\u00f3n donde el arte, el dise\u00f1o y la creatividad se encuentran con el sol y el mar. Gracias a su red \u00fanica, <strong>Prestige Villa Rental<\/strong> te abre las puertas de este mundo aparte, ofreci\u00e9ndote experiencias exclusivas, enriquecedoras e inolvidables.  <\/p>\n","protected":false},"excerpt":{"rendered":"<p>La Costa Azul no es s\u00f3lo un escenario de postal para veraneantes adinerados. Tambi\u00e9n es un escenario efervescente de creaci\u00f3n art\u00edstica y dise\u00f1o, donde florecen talentos de renombre mundial. Inspirados&hellip;<\/p>\n","protected":false},"author":1,"featured_media":11738,"comment_status":"open","ping_status":"open","sticky":false,"template":"","format":"standard","meta":{"_jetpack_memberships_contains_paid_content":false,"footnotes":""},"categories":[110,199],"tags":[],"powerkit_post_featured":[],"class_list":{"0":"post-11753","1":"post","2":"type-post","3":"status-publish","4":"format-standard","5":"has-post-thumbnail","7":"category-costa-azul","8":"category-estilo-de-vida"},"jetpack_featured_media_url":"https:\/\/magazine.prestigevillarental.com\/wp-content\/uploads\/2025\/07\/Designers-French-Riviera-UHNW.webp","jetpack_sharing_enabled":true,"_links":{"self":[{"href":"https:\/\/magazine.prestigevillarental.com\/es\/wp-json\/wp\/v2\/posts\/11753","targetHints":{"allow":["GET"]}}],"collection":[{"href":"https:\/\/magazine.prestigevillarental.com\/es\/wp-json\/wp\/v2\/posts"}],"about":[{"href":"https:\/\/magazine.prestigevillarental.com\/es\/wp-json\/wp\/v2\/types\/post"}],"author":[{"embeddable":true,"href":"https:\/\/magazine.prestigevillarental.com\/es\/wp-json\/wp\/v2\/users\/1"}],"replies":[{"embeddable":true,"href":"https:\/\/magazine.prestigevillarental.com\/es\/wp-json\/wp\/v2\/comments?post=11753"}],"version-history":[{"count":5,"href":"https:\/\/magazine.prestigevillarental.com\/es\/wp-json\/wp\/v2\/posts\/11753\/revisions"}],"predecessor-version":[{"id":20694,"href":"https:\/\/magazine.prestigevillarental.com\/es\/wp-json\/wp\/v2\/posts\/11753\/revisions\/20694"}],"wp:featuredmedia":[{"embeddable":true,"href":"https:\/\/magazine.prestigevillarental.com\/es\/wp-json\/wp\/v2\/media\/11738"}],"wp:attachment":[{"href":"https:\/\/magazine.prestigevillarental.com\/es\/wp-json\/wp\/v2\/media?parent=11753"}],"wp:term":[{"taxonomy":"category","embeddable":true,"href":"https:\/\/magazine.prestigevillarental.com\/es\/wp-json\/wp\/v2\/categories?post=11753"},{"taxonomy":"post_tag","embeddable":true,"href":"https:\/\/magazine.prestigevillarental.com\/es\/wp-json\/wp\/v2\/tags?post=11753"},{"taxonomy":"powerkit_post_featured","embeddable":true,"href":"https:\/\/magazine.prestigevillarental.com\/es\/wp-json\/wp\/v2\/powerkit_post_featured?post=11753"}],"curies":[{"name":"wp","href":"https:\/\/api.w.org\/{rel}","templated":true}]}}