{"id":19571,"date":"2025-09-07T07:26:00","date_gmt":"2025-09-07T05:26:00","guid":{"rendered":"https:\/\/magazine.prestigevillarental.com\/guia-del-mercado-gastronomico-de-la-riviera-francesa-una-inmersion-gourmet\/"},"modified":"2025-09-07T07:26:35","modified_gmt":"2025-09-07T05:26:35","slug":"guia-del-mercado-gastronomico-de-la-riviera-francesa-una-inmersion-gourmet","status":"publish","type":"post","link":"https:\/\/magazine.prestigevillarental.com\/es\/guia-del-mercado-gastronomico-de-la-riviera-francesa-una-inmersion-gourmet\/","title":{"rendered":"Gu\u00eda del mercado gastron\u00f3mico de la Riviera Francesa: Una inmersi\u00f3n gourmet"},"content":{"rendered":"\n<h2 id=\"introduccion\" class=\"wp-block-heading\">Introducci\u00f3n<\/h2>\n\n<p>Bienvenido a la Costa Azul, donde el sol, el mar y la gastronom\u00eda se unen en perfecta armon\u00eda. Aqu\u00ed, los mercados de la Riviera Francesa son mucho m\u00e1s que lugares donde comprar comestibles: son aut\u00e9nticas instituciones, que combinan aromas embriagadores, colores brillantes y productos excepcionales. Ya busques las mejores frutas y verduras, quesos curados, sabrosas aceitunas o pescado reci\u00e9n capturado, cada mercado tiene su propia identidad y ambiente. \u00a1S\u00edgueme en este paseo gastron\u00f3mico por algunos de los mejores mercados de la Costa Azul!   <\/p>\n\n<h2 id=\"1-los-mercados-clave-de-la-riviera-francesa\" class=\"wp-block-heading\">1. Los mercados clave de la Riviera Francesa<\/h2>\n\n<h3 id=\"mercado-cours-saleya-niza\" class=\"wp-block-heading\"><strong>Mercado Cours Saleya &#8211; Niza<\/strong><\/h3>\n\n<figure class=\"wp-block-image size-large\"><img  loading=\"lazy\"  decoding=\"async\"  width=\"1160\"  height=\"870\"  src=\"data:image\/png;base64,iVBORw0KGgoAAAANSUhEUgAABIgAAANmAQMAAACrCyL8AAAAA1BMVEUAAP+KeNJXAAAAAXRSTlMAQObYZgAAAAlwSFlzAAAOxAAADsQBlSsOGwAAAJJJREFUeNrtwTEBAAAAwqD1T20JT6AAAAAAAAAAAAAAAAAAAAAAAAAAAAAAAAAAAAAAAAAAAAAAAAAAAAAAAAAAAAAAAAAAAAAAAAAAAAAAAAAAAAAAAAAAAAAAAAAAAAAAAAAAAAAAAAAAAAAAAAAAAAAAAAAAAAAAAAAAAAAAAAAAAAAAAAAAAAAAAAAAAAD+BvA7AAGTZkFsAAAAAElFTkSuQmCC\"  alt=\"\"  class=\"wp-image-19506 pk-lazyload\"  data-pk-sizes=\"auto\"  data-ls-sizes=\"auto, (max-width: 1160px) 100vw, 1160px\"  data-pk-src=\"https:\/\/magazine.prestigevillarental.com\/wp-content\/uploads\/2025\/09\/cours-saleya-1160x870.jpg\"  data-pk-srcset=\"https:\/\/magazine.prestigevillarental.com\/wp-content\/uploads\/2025\/09\/cours-saleya-1160x870.jpg 1160w, https:\/\/magazine.prestigevillarental.com\/wp-content\/uploads\/2025\/09\/cours-saleya-800x600.jpg 800w, https:\/\/magazine.prestigevillarental.com\/wp-content\/uploads\/2025\/09\/cours-saleya-320x240.jpg 320w, https:\/\/magazine.prestigevillarental.com\/wp-content\/uploads\/2025\/09\/cours-saleya-1536x1152.jpg 1536w, https:\/\/magazine.prestigevillarental.com\/wp-content\/uploads\/2025\/09\/cours-saleya-2048x1536.jpg 2048w, https:\/\/magazine.prestigevillarental.com\/wp-content\/uploads\/2025\/09\/cours-saleya-300x225.jpg 300w, https:\/\/magazine.prestigevillarental.com\/wp-content\/uploads\/2025\/09\/cours-saleya-120x90.jpg 120w, https:\/\/magazine.prestigevillarental.com\/wp-content\/uploads\/2025\/09\/cours-saleya-90x68.jpg 90w, https:\/\/magazine.prestigevillarental.com\/wp-content\/uploads\/2025\/09\/cours-saleya-560x420.jpg 560w, https:\/\/magazine.prestigevillarental.com\/wp-content\/uploads\/2025\/09\/cours-saleya-1920x1440.jpg 1920w, https:\/\/magazine.prestigevillarental.com\/wp-content\/uploads\/2025\/09\/cours-saleya-600x450.jpg 600w, https:\/\/magazine.prestigevillarental.com\/wp-content\/uploads\/2025\/09\/cours-saleya-240x180.jpg 240w, https:\/\/magazine.prestigevillarental.com\/wp-content\/uploads\/2025\/09\/cours-saleya-180x136.jpg 180w, https:\/\/magazine.prestigevillarental.com\/wp-content\/uploads\/2025\/09\/cours-saleya-640x480.jpg 640w, https:\/\/magazine.prestigevillarental.com\/wp-content\/uploads\/2025\/09\/cours-saleya-1120x840.jpg 1120w, https:\/\/magazine.prestigevillarental.com\/wp-content\/uploads\/2025\/09\/cours-saleya-1600x1200.jpg 1600w, https:\/\/magazine.prestigevillarental.com\/wp-content\/uploads\/2025\/09\/cours-saleya-2320x1740.jpg 2320w, https:\/\/magazine.prestigevillarental.com\/wp-content\/uploads\/2025\/09\/cours-saleya.jpg 2500w\" ><\/figure>\n\n<p>Si tienes que visitar un solo mercado en la Riviera Francesa, tiene que ser el <em>Cours Saleya<\/em> de Niza. Enclavado entre la Niza Vieja y el mar, ofrece una explosi\u00f3n de colores y olores, con puestos de flores, fruta ba\u00f1ada por el sol y especialidades nizardas como la socca y la pissaladi\u00e8re. Es una calle que no te puedes perder, ideal para pasear mientras tomas un caf\u00e9 bajo los soportales. En el mercado tambi\u00e9n encontrar\u00e1s especias, miel artesanal y aceites de oliva excepcionales, perfectos para llevarte un trocito de la Riviera Francesa a casa.   <\/p>\n\n<h3 id=\"mercado-de-forville-cannes\" class=\"wp-block-heading\"><strong>Mercado de Forville &#8211; Cannes<\/strong><\/h3>\n\n<figure class=\"wp-block-image size-large\"><img  loading=\"lazy\"  decoding=\"async\"  width=\"1160\"  height=\"580\"  src=\"data:image\/png;base64,iVBORw0KGgoAAAANSUhEUgAABIgAAAJEAQMAAABHGI11AAAAA1BMVEUAAP+KeNJXAAAAAXRSTlMAQObYZgAAAAlwSFlzAAAOxAAADsQBlSsOGwAAAGlJREFUeNrtwTEBAAAAwqD1T20Hb6AAAAAAAAAAAAAAAAAAAAAAAAAAAAAAAAAAAAAAAAAAAAAAAAAAAAAAAAAAAAAAAAAAAAAAAAAAAAAAAAAAAAAAAAAAAAAAAAAAAAAAAAAAAAAAPgNK1wABD8XdBAAAAABJRU5ErkJggg==\"  alt=\"\"  class=\"wp-image-19512 pk-lazyload\"  data-pk-sizes=\"auto\"  data-ls-sizes=\"auto, (max-width: 1160px) 100vw, 1160px\"  data-pk-src=\"https:\/\/magazine.prestigevillarental.com\/wp-content\/uploads\/2025\/09\/marche-forville-cannes-1160x580.jpg\"  data-pk-srcset=\"https:\/\/magazine.prestigevillarental.com\/wp-content\/uploads\/2025\/09\/marche-forville-cannes-1160x580.jpg 1160w, https:\/\/magazine.prestigevillarental.com\/wp-content\/uploads\/2025\/09\/marche-forville-cannes-800x400.jpg 800w, https:\/\/magazine.prestigevillarental.com\/wp-content\/uploads\/2025\/09\/marche-forville-cannes-1536x768.jpg 1536w, https:\/\/magazine.prestigevillarental.com\/wp-content\/uploads\/2025\/09\/marche-forville-cannes-120x60.jpg 120w, https:\/\/magazine.prestigevillarental.com\/wp-content\/uploads\/2025\/09\/marche-forville-cannes-90x45.jpg 90w, https:\/\/magazine.prestigevillarental.com\/wp-content\/uploads\/2025\/09\/marche-forville-cannes-320x160.jpg 320w, https:\/\/magazine.prestigevillarental.com\/wp-content\/uploads\/2025\/09\/marche-forville-cannes-560x280.jpg 560w, https:\/\/magazine.prestigevillarental.com\/wp-content\/uploads\/2025\/09\/marche-forville-cannes-240x120.jpg 240w, https:\/\/magazine.prestigevillarental.com\/wp-content\/uploads\/2025\/09\/marche-forville-cannes-180x90.jpg 180w, https:\/\/magazine.prestigevillarental.com\/wp-content\/uploads\/2025\/09\/marche-forville-cannes-640x320.jpg 640w, https:\/\/magazine.prestigevillarental.com\/wp-content\/uploads\/2025\/09\/marche-forville-cannes-1120x560.jpg 1120w, https:\/\/magazine.prestigevillarental.com\/wp-content\/uploads\/2025\/09\/marche-forville-cannes-1600x800.jpg 1600w, https:\/\/magazine.prestigevillarental.com\/wp-content\/uploads\/2025\/09\/marche-forville-cannes.jpg 1920w\" ><\/figure>\n\n<p>A tiro de piedra del Puerto Viejo, el <em>March\u00e9 Forville<\/em> es una aut\u00e9ntica oda a los productos locales. Desde el amanecer, los pescadores acuden a vender su pesca del d\u00eda, mientras que los productores locales ofrecen charcuter\u00eda artesanal, aceite de oliva y verduras reci\u00e9n cosechadas. El mercado tambi\u00e9n es famoso por sus puestos de trufas y setas silvestres de temporada, que atraen a los chefs locales en busca de ingredientes excepcionales. Si te gusta la cocina mediterr\u00e1nea, este mercado es una visita obligada para descubrir los aut\u00e9nticos sabores de la regi\u00f3n.   <\/p>\n\n<h3 id=\"marche-de-la-liberation-niza\" class=\"wp-block-heading\"><strong>March\u00e9 de la Lib\u00e9ration &#8211; Niza<\/strong><\/h3>\n\n<p>Un poco menos tur\u00edstico que el Cours Saleya, el <em>March\u00e9 de la Lib\u00e9ration<\/em> es uno de los favoritos de los lugare\u00f1os. Aqu\u00ed no hay alboroto: la gente viene por la calidad y diversidad de los productos. Los puestos est\u00e1n repletos de especialidades regionales, desde miel de lavanda hasta quesos de monta\u00f1a y marisco impecablemente fresco. Este mercado tambi\u00e9n destaca por su pescader\u00eda, donde puedes comprar la pesca del d\u00eda directamente a los pescadores.   <\/p>\n\n<h3 id=\"mercado-provenzal-de-antibes\" class=\"wp-block-heading\"><strong>Mercado provenzal de Antibes<\/strong><\/h3>\n\n<figure class=\"wp-block-image size-full\"><img  loading=\"lazy\"  decoding=\"async\"  width=\"800\"  height=\"643\"  src=\"data:image\/png;base64,iVBORw0KGgoAAAANSUhEUgAAAyAAAAKDAQMAAADYQfzfAAAAA1BMVEUAAP+KeNJXAAAAAXRSTlMAQObYZgAAAAlwSFlzAAAOxAAADsQBlSsOGwAAAFZJREFUeNrtwQENAAAAwqD3T20ON6AAAAAAAAAAAAAAAAAAAAAAAAAAAAAAAAAAAAAAAAAAAAAAAAAAAAAAAAAAAAAAAAAAAAAAAAAAAAAAAAAAAIBTA\/2vAAHf6RS5AAAAAElFTkSuQmCC\"  alt=\"\"  class=\"wp-image-19518 pk-lazyload\"  data-pk-sizes=\"auto\"  data-ls-sizes=\"auto, (max-width: 800px) 100vw, 800px\"  data-pk-src=\"https:\/\/magazine.prestigevillarental.com\/wp-content\/uploads\/2025\/09\/marche-provencal-a-antibes.jpeg\"  data-pk-srcset=\"https:\/\/magazine.prestigevillarental.com\/wp-content\/uploads\/2025\/09\/marche-provencal-a-antibes.jpeg 800w, https:\/\/magazine.prestigevillarental.com\/wp-content\/uploads\/2025\/09\/marche-provencal-a-antibes-120x96.jpeg 120w, https:\/\/magazine.prestigevillarental.com\/wp-content\/uploads\/2025\/09\/marche-provencal-a-antibes-90x72.jpeg 90w, https:\/\/magazine.prestigevillarental.com\/wp-content\/uploads\/2025\/09\/marche-provencal-a-antibes-320x257.jpeg 320w, https:\/\/magazine.prestigevillarental.com\/wp-content\/uploads\/2025\/09\/marche-provencal-a-antibes-560x450.jpeg 560w, https:\/\/magazine.prestigevillarental.com\/wp-content\/uploads\/2025\/09\/marche-provencal-a-antibes-240x193.jpeg 240w, https:\/\/magazine.prestigevillarental.com\/wp-content\/uploads\/2025\/09\/marche-provencal-a-antibes-180x145.jpeg 180w, https:\/\/magazine.prestigevillarental.com\/wp-content\/uploads\/2025\/09\/marche-provencal-a-antibes-640x514.jpeg 640w\" ><\/figure>\n\n<p>El <em>Mercado Provenzal de Antibes<\/em> es una joya. Todas las ma\u00f1anas, bajo sus pabellones cubiertos, el aroma del tomillo y la lavanda se mezcla con los apetitosos olores de los quesos artesanos y los embutidos. Por la tarde, el espacio se transforma en una galer\u00eda de arte donde los artistas locales exponen sus obras. Tambi\u00e9n es el lugar ideal para disfrutar de una copa de rosado bien fr\u00edo en la terraza despu\u00e9s de llenar tu cesta de delicias regionales.   <\/p>\n\n<h3 id=\"mercado-de-menton\" class=\"wp-block-heading\"><strong>Mercado de Menton<\/strong><\/h3>\n\n<figure class=\"wp-block-image size-large\"><img  loading=\"lazy\"  decoding=\"async\"  width=\"1160\"  height=\"870\"  src=\"data:image\/png;base64,iVBORw0KGgoAAAANSUhEUgAABIgAAANmAQMAAACrCyL8AAAAA1BMVEUAAP+KeNJXAAAAAXRSTlMAQObYZgAAAAlwSFlzAAAOxAAADsQBlSsOGwAAAJJJREFUeNrtwTEBAAAAwqD1T20JT6AAAAAAAAAAAAAAAAAAAAAAAAAAAAAAAAAAAAAAAAAAAAAAAAAAAAAAAAAAAAAAAAAAAAAAAAAAAAAAAAAAAAAAAAAAAAAAAAAAAAAAAAAAAAAAAAAAAAAAAAAAAAAAAAAAAAAAAAAAAAAAAAAAAAAAAAAAAAAAAAAAAAD+BvA7AAGTZkFsAAAAAElFTkSuQmCC\"  alt=\"\"  class=\"wp-image-19524 pk-lazyload\"  data-pk-sizes=\"auto\"  data-ls-sizes=\"auto, (max-width: 1160px) 100vw, 1160px\"  data-pk-src=\"https:\/\/magazine.prestigevillarental.com\/wp-content\/uploads\/2025\/09\/marche-menton-1160x870.jpg\"  data-pk-srcset=\"https:\/\/magazine.prestigevillarental.com\/wp-content\/uploads\/2025\/09\/marche-menton-1160x870.jpg 1160w, https:\/\/magazine.prestigevillarental.com\/wp-content\/uploads\/2025\/09\/marche-menton-800x600.jpg 800w, https:\/\/magazine.prestigevillarental.com\/wp-content\/uploads\/2025\/09\/marche-menton-320x240.jpg 320w, https:\/\/magazine.prestigevillarental.com\/wp-content\/uploads\/2025\/09\/marche-menton-300x225.jpg 300w, https:\/\/magazine.prestigevillarental.com\/wp-content\/uploads\/2025\/09\/marche-menton-120x90.jpg 120w, https:\/\/magazine.prestigevillarental.com\/wp-content\/uploads\/2025\/09\/marche-menton-90x68.jpg 90w, https:\/\/magazine.prestigevillarental.com\/wp-content\/uploads\/2025\/09\/marche-menton-560x420.jpg 560w, https:\/\/magazine.prestigevillarental.com\/wp-content\/uploads\/2025\/09\/marche-menton-600x450.jpg 600w, https:\/\/magazine.prestigevillarental.com\/wp-content\/uploads\/2025\/09\/marche-menton-240x180.jpg 240w, https:\/\/magazine.prestigevillarental.com\/wp-content\/uploads\/2025\/09\/marche-menton-180x136.jpg 180w, https:\/\/magazine.prestigevillarental.com\/wp-content\/uploads\/2025\/09\/marche-menton-640x480.jpg 640w, https:\/\/magazine.prestigevillarental.com\/wp-content\/uploads\/2025\/09\/marche-menton-1120x840.jpg 1120w, https:\/\/magazine.prestigevillarental.com\/wp-content\/uploads\/2025\/09\/marche-menton.jpg 1300w\" ><\/figure>\n\n<p>Menton, la perla de la Costa Azul, celebra su amor por los c\u00edtricos con un colorido mercado en el que limones, naranjas y mandarinas son los protagonistas. Adem\u00e1s de los productos t\u00edpicos del Sur, encontrar\u00e1s deliciosas mermeladas caseras y pasta fresca con sabor a sol. El mercado tambi\u00e9n ofrece dulces caseros, como las famosas galletas de lim\u00f3n de Menton, una delicia que no te puedes perder.  <\/p>\n\n<h3 id=\"otros-mercados-por-descubrir\" class=\"wp-block-heading\"><strong>Otros mercados por descubrir<\/strong><\/h3>\n\n<ul class=\"wp-block-list\">\n<li><strong>March\u00e9 de Saint-Tropez<\/strong>: Un lugar de encuentro chic donde encontrar\u00e1s productos excepcionales junto a las creaciones de dise\u00f1adores locales.<\/li>\n\n\n\n<li><strong>March\u00e9 de Villefranche-sur-Mer<\/strong>: Un mercado m\u00e1s \u00edntimo, popular por sus puestos de pescado fresco y productos artesanales.<\/li>\n\n\n\n<li><strong>March\u00e9 de La Bocca (Cannes)<\/strong>: Un mercado popular que ofrece una gran variedad de frutas, verduras y especialidades locales a precios m\u00e1s asequibles.<\/li>\n<\/ul>\n\n<h2 id=\"2-por-que-visitar-los-mercados-de-la-riviera-francesa\" class=\"wp-block-heading\">2. \u00bfPor qu\u00e9 visitar los mercados de la Riviera Francesa?<\/h2>\n\n<h3 id=\"un-festival-de-sabores-y-colores\" class=\"wp-block-heading\"><strong>Un festival de sabores y colores<\/strong><\/h3>\n\n<p>Los mercados de la Costa Azul son una explosi\u00f3n de olores y colores. Desde puestos de fruta madura a ramilletes de hierbas arom\u00e1ticas y pescado que se retuerce, cada mercado es un viaje sensorial inolvidable. <\/p>\n\n<h3 id=\"productos-locales-frescos\" class=\"wp-block-heading\"><strong>Productos locales frescos<\/strong><\/h3>\n\n<p>La proximidad del mar y el f\u00e9rtil interior hacen que los productos sean de una calidad excepcional. Aqu\u00ed, todo es de temporada, a menudo ecol\u00f3gico, y lo venden directamente los productores. <\/p>\n\n<h3 id=\"una-reunion-amistosa\" class=\"wp-block-heading\"><strong>Una reuni\u00f3n amistosa<\/strong><\/h3>\n\n<p>En los mercados, puedes tomarte tu tiempo para charlar, degustar y compartir una sonrisa con un entusiasta hortelano o quesero. Estos encuentros aut\u00e9nticos expresan el alma misma de la Riviera Francesa. <\/p>\n\n<h2 id=\"3-consejos-para-aprovechar-al-maximo-tu-visita\" class=\"wp-block-heading\">3. Consejos para aprovechar al m\u00e1ximo tu visita<\/h2>\n\n<h3 id=\"ven-temprano-por-la-manana\" class=\"wp-block-heading\"><strong>Ven temprano por la ma\u00f1ana<\/strong><\/h3>\n\n<p>Los mejores productos se venden r\u00e1pido. Si llegas pronto, tendr\u00e1s m\u00e1s donde elegir y evitar\u00e1s las prisas de los turistas a \u00faltima hora de la ma\u00f1ana. <\/p>\n\n<h3 id=\"no-dudes-en-hablar-con-los-productores\" class=\"wp-block-heading\"><strong>No dudes en hablar con los productores<\/strong><\/h3>\n\n<p>A menudo est\u00e1n encantados de compartir sus conocimientos y dar consejos sobre c\u00f3mo cocinar sus productos de la mejor manera posible.<\/p>\n\n<h3 id=\"trae-una-cesta-o-una-bolsa\" class=\"wp-block-heading\"><strong>Trae una cesta o una bolsa<\/strong><\/h3>\n\n<p>Los mercados de la Costa Azul son generosos, y es seguro que te ir\u00e1s con los brazos llenos de golosinas. Una bolsa reutilizable te evitar\u00e1 tener demasiadas bolsas de pl\u00e1stico. <\/p>\n\n<h3 id=\"degustacion-in-situ\" class=\"wp-block-heading\"><strong>Degustaci\u00f3n in situ<\/strong><\/h3>\n\n<p>Algunos mercados tienen puestos donde puedes probar especialidades locales reci\u00e9n preparadas. \u00a1No pierdas la oportunidad de probar una tapenade casera o un trozo de queso de granja! <\/p>\n\n<h2 id=\"conclusion\" class=\"wp-block-heading\">Conclusi\u00f3n<\/h2>\n\n<p>Pasear por un mercado de la Riviera Francesa es una experiencia intemporal, una inmersi\u00f3n en el arte de vivir mediterr\u00e1neo. Entre los sabores, los encuentros y el ambiente animado, cada visita es una celebraci\u00f3n de la gastronom\u00eda local. As\u00ed que la pr\u00f3xima vez que est\u00e9s en el Sur, \u00a1d\u00e9jate llevar por los aromas del mercado y abast\u00e9cete de tesoros gourmet!  <\/p>\n","protected":false},"excerpt":{"rendered":"<p>Introducci\u00f3n Bienvenido a la Costa Azul, donde el sol, el mar y la gastronom\u00eda se unen en perfecta armon\u00eda. Aqu\u00ed, los mercados de la Riviera Francesa son mucho m\u00e1s que&hellip;<\/p>\n","protected":false},"author":1,"featured_media":19541,"comment_status":"open","ping_status":"open","sticky":false,"template":"","format":"standard","meta":{"_jetpack_memberships_contains_paid_content":false,"footnotes":""},"categories":[110,111,131],"tags":[],"powerkit_post_featured":[],"class_list":{"0":"post-19571","1":"post","2":"type-post","3":"status-publish","4":"format-standard","5":"has-post-thumbnail","7":"category-costa-azul","8":"category-francia","9":"category-gastronomia"},"jetpack_featured_media_url":"https:\/\/magazine.prestigevillarental.com\/wp-content\/uploads\/2025\/09\/marche-cote-azur.jpeg","jetpack_sharing_enabled":true,"_links":{"self":[{"href":"https:\/\/magazine.prestigevillarental.com\/es\/wp-json\/wp\/v2\/posts\/19571","targetHints":{"allow":["GET"]}}],"collection":[{"href":"https:\/\/magazine.prestigevillarental.com\/es\/wp-json\/wp\/v2\/posts"}],"about":[{"href":"https:\/\/magazine.prestigevillarental.com\/es\/wp-json\/wp\/v2\/types\/post"}],"author":[{"embeddable":true,"href":"https:\/\/magazine.prestigevillarental.com\/es\/wp-json\/wp\/v2\/users\/1"}],"replies":[{"embeddable":true,"href":"https:\/\/magazine.prestigevillarental.com\/es\/wp-json\/wp\/v2\/comments?post=19571"}],"version-history":[{"count":1,"href":"https:\/\/magazine.prestigevillarental.com\/es\/wp-json\/wp\/v2\/posts\/19571\/revisions"}],"predecessor-version":[{"id":19574,"href":"https:\/\/magazine.prestigevillarental.com\/es\/wp-json\/wp\/v2\/posts\/19571\/revisions\/19574"}],"wp:featuredmedia":[{"embeddable":true,"href":"https:\/\/magazine.prestigevillarental.com\/es\/wp-json\/wp\/v2\/media\/19541"}],"wp:attachment":[{"href":"https:\/\/magazine.prestigevillarental.com\/es\/wp-json\/wp\/v2\/media?parent=19571"}],"wp:term":[{"taxonomy":"category","embeddable":true,"href":"https:\/\/magazine.prestigevillarental.com\/es\/wp-json\/wp\/v2\/categories?post=19571"},{"taxonomy":"post_tag","embeddable":true,"href":"https:\/\/magazine.prestigevillarental.com\/es\/wp-json\/wp\/v2\/tags?post=19571"},{"taxonomy":"powerkit_post_featured","embeddable":true,"href":"https:\/\/magazine.prestigevillarental.com\/es\/wp-json\/wp\/v2\/powerkit_post_featured?post=19571"}],"curies":[{"name":"wp","href":"https:\/\/api.w.org\/{rel}","templated":true}]}}