{"id":6789,"date":"2025-02-26T08:34:00","date_gmt":"2025-02-26T06:34:00","guid":{"rendered":"https:\/\/magazine.prestigevillarental.com\/las-islas-lerins-un-paraiso-escondido-a-tiro-de-piedra-de-cannes\/"},"modified":"2025-09-19T19:42:54","modified_gmt":"2025-09-19T17:42:54","slug":"las-islas-lerins-un-paraiso-escondido-a-tiro-de-piedra-de-cannes","status":"publish","type":"post","link":"https:\/\/magazine.prestigevillarental.com\/es\/las-islas-lerins-un-paraiso-escondido-a-tiro-de-piedra-de-cannes\/","title":{"rendered":"Las islas L\u00e9rins: un para\u00edso escondido a tiro de piedra de Cannes"},"content":{"rendered":"\n<p>Cuando piensas en Cannes, te imaginas inmediatamente la Croisette, el Festival de Cine y sus hoteles de lujo. Pero \u00bfsab\u00edas que a tiro de piedra de la ciudad se esconde un aut\u00e9ntico tesoro natural e hist\u00f3rico? Las \u00celes de L\u00e9rins, accesibles en s\u00f3lo 15 minutos en barco desde el Vieux Port, ofrecen una escapada atemporal entre naturaleza virgen y patrimonio fascinante. Aqu\u00ed podr\u00e1s olvidarte del ajetreo de la ciudad y sumergirte en un mundo de tranquilidad, aguas cristalinas y secretos bien guardados. \u00a1Acomp\u00e1\u00f1ame a descubrir estas joyas isle\u00f1as!    <\/p>\n\n<hr class=\"wp-block-separator has-alpha-channel-opacity\" \/>\n\n<h2 id=\"ile-sainte-marguerite-naturaleza-historia-y-leyendas\" class=\"wp-block-heading\">\u00cele Sainte-Marguerite: Naturaleza, Historia y Leyendas<\/h2>\n\n<figure class=\"wp-block-image size-large\"><img  loading=\"lazy\"  decoding=\"async\"  width=\"1160\"  height=\"1547\"  src=\"data:image\/png;base64,iVBORw0KGgoAAAANSUhEUgAABIgAAAYLAQMAAABNWRHfAAAAA1BMVEUAAP+KeNJXAAAAAXRSTlMAQObYZgAAAAlwSFlzAAAOxAAADsQBlSsOGwAAAPJJREFUeNrtwTEBAAAAwqD1T20LL6AAAAAAAAAAAAAAAAAAAAAAAAAAAAAAAAAAAAAAAAAAAAAAAAAAAAAAAAAAAAAAAAAAAAAAAAAAAAAAAAAAAAAAAAAAAAAAAAAAAAAAAAAAAAAAAAAAAAAAAAAAAAAAAAAAAAAAAAAAAAAAAAAAAAAAAAAAAAAAAAAAAAAAAAAAAAAAAAAAAAAAAAAAAAAAAAAAAAAAAAAAAAAAAAAAAAAAAAAAAAAAAAAAAAAAAAAAAAAAAAAAAAAAAAAAAAAAAAAAAAAAAAAAAAAAAAAAAAAAAAAAAAAAAAAAAICvAXJzAAGR9O26AAAAAElFTkSuQmCC\"  alt=\"\"  class=\"wp-image-6538 pk-lazyload\"  data-pk-sizes=\"auto\"  data-ls-sizes=\"auto, (max-width: 1160px) 100vw, 1160px\"  data-pk-src=\"https:\/\/magazine.prestigevillarental.com\/wp-content\/uploads\/2025\/02\/ile-ste-marguerite-1160x1547.jpg\"  data-pk-srcset=\"https:\/\/magazine.prestigevillarental.com\/wp-content\/uploads\/2025\/02\/ile-ste-marguerite-1160x1547.jpg 1160w, https:\/\/magazine.prestigevillarental.com\/wp-content\/uploads\/2025\/02\/ile-ste-marguerite-800x1067.jpg 800w, https:\/\/magazine.prestigevillarental.com\/wp-content\/uploads\/2025\/02\/ile-ste-marguerite-1152x1536.jpg 1152w, https:\/\/magazine.prestigevillarental.com\/wp-content\/uploads\/2025\/02\/ile-ste-marguerite-1536x2048.jpg 1536w, https:\/\/magazine.prestigevillarental.com\/wp-content\/uploads\/2025\/02\/ile-ste-marguerite-120x160.jpg 120w, https:\/\/magazine.prestigevillarental.com\/wp-content\/uploads\/2025\/02\/ile-ste-marguerite-90x120.jpg 90w, https:\/\/magazine.prestigevillarental.com\/wp-content\/uploads\/2025\/02\/ile-ste-marguerite-320x427.jpg 320w, https:\/\/magazine.prestigevillarental.com\/wp-content\/uploads\/2025\/02\/ile-ste-marguerite-560x747.jpg 560w, https:\/\/magazine.prestigevillarental.com\/wp-content\/uploads\/2025\/02\/ile-ste-marguerite-scaled.jpg 1920w, https:\/\/magazine.prestigevillarental.com\/wp-content\/uploads\/2025\/02\/ile-ste-marguerite-2304x3072.jpg 2304w, https:\/\/magazine.prestigevillarental.com\/wp-content\/uploads\/2025\/02\/ile-ste-marguerite-240x320.jpg 240w, https:\/\/magazine.prestigevillarental.com\/wp-content\/uploads\/2025\/02\/ile-ste-marguerite-180x240.jpg 180w, https:\/\/magazine.prestigevillarental.com\/wp-content\/uploads\/2025\/02\/ile-ste-marguerite-640x854.jpg 640w, https:\/\/magazine.prestigevillarental.com\/wp-content\/uploads\/2025\/02\/ile-ste-marguerite-1120x1494.jpg 1120w, https:\/\/magazine.prestigevillarental.com\/wp-content\/uploads\/2025\/02\/ile-ste-marguerite-1600x2133.jpg 1600w, https:\/\/magazine.prestigevillarental.com\/wp-content\/uploads\/2025\/02\/ile-ste-marguerite-2320x3093.jpg 2320w\" ><\/figure>\n\n<p>Nada m\u00e1s llegar a la isla de Sainte-Marguerite, te sorprender\u00e1 la tranquilidad del lugar. Aqu\u00ed no hay coches, s\u00f3lo caminos sombreados que serpentean por un bosque de pinos y eucaliptos. Es el lugar perfecto para pasear al aire libre, arrullado por el canto de las cigarras.  <\/p>\n\n<h3 id=\"fort-royal-y-el-misterio-del-hombre-de-la-mascara-de-hierro\" class=\"wp-block-heading\">Fort Royal y el Misterio del Hombre de la M\u00e1scara de Hierro<\/h3>\n\n<p>Es imposible visitar Sainte-Marguerite sin explorar Fort Royal, una imponente ciudadela construida por Richelieu y ampliada por Vauban. Este lugar cargado de historia es m\u00e1s famoso por haber sido la prisi\u00f3n del enigm\u00e1tico Hombre de la M\u00e1scara de Hierro, cuya identidad sigue siendo un misterio a d\u00eda de hoy. Mientras paseas por sus austeras celdas y admiras la impresionante vista desde las murallas, te sumergir\u00e1s en una parte fascinante de la historia de Francia.  <\/p>\n\n<h3 id=\"flora-y-fauna-preservadas\" class=\"wp-block-heading\">Flora y fauna preservadas<\/h3>\n\n<p>Sainte-Marguerite es tambi\u00e9n un para\u00edso para los amantes de la naturaleza. Con sus calas secretas y sus fondos marinos incre\u00edblemente ricos, es un lugar popular para buceadores y aficionados al snorkel. Si te apetece darte un ba\u00f1o lejos de las abarrotadas playas de la Costa Azul, \u00a1este es el lugar ideal!  <\/p>\n\n<hr class=\"wp-block-separator has-alpha-channel-opacity\" \/>\n\n<h2 id=\"saint-honorat-entre-espiritualidad-y-vinos-excepcionales\" class=\"wp-block-heading\">Saint-Honorat: entre espiritualidad y vinos excepcionales<\/h2>\n\n<p>M\u00e1s peque\u00f1a que su vecina, la isla de Saint-Honorat es un remanso de paz con una atm\u00f3sfera casi m\u00edstica. Aqu\u00ed, el tiempo parece haberse detenido. <\/p>\n\n<h3 id=\"la-abadia-de-lerins-un-patrimonio-unico\" class=\"wp-block-heading\">La Abad\u00eda de L\u00e9rins, un patrimonio \u00fanico<\/h3>\n\n<p>Desde hace m\u00e1s de diecis\u00e9is siglos, los monjes cistercienses viven en esta isla y velan por la Abad\u00eda de L\u00e9rins. Este lugar atemporal ofrece una visita relajante, ideal para un interludio espiritual. Admira su notable arquitectura, sus apacibles jardines y sus impresionantes vistas al mar.  <\/p>\n\n<h3 id=\"degustacion-de-vinos-producidos-en-la-isla\" class=\"wp-block-heading\">Degustaci\u00f3n de vinos producidos en la isla<\/h3>\n\n<p>\u00bfSab\u00edas que aqu\u00ed los monjes producen uno de los vinos m\u00e1s exclusivos de la regi\u00f3n? Las vides se cultivan cuidadosamente para producir vinos excepcionales, que se venden en cantidades muy limitadas. Una cata de estos vinos \u00fanicos, elaborados seg\u00fan la tradici\u00f3n mon\u00e1stica, es una experiencia que no debes perderte.  <\/p>\n\n<hr class=\"wp-block-separator has-alpha-channel-opacity\" \/>\n\n<h2 id=\"consejos-practicos-para-una-excursion-con-exito\" class=\"wp-block-heading\">Consejos pr\u00e1cticos para una excursi\u00f3n con \u00e9xito<\/h2>\n\n<h3 id=\"como-llegar-a-las-iles-de-lerins\" class=\"wp-block-heading\">\u00bfC\u00f3mo llegar a las \u00celes de L\u00e9rins?<\/h3>\n\n<p>Las lanzaderas salen regularmente del Vieux Port de <a class=\"wpil_keyword_link\" href=\"https:\/\/magazine.prestigevillarental.com\/es\/5-razones-sorprendentes-para-visitar-cannes-en-la-costa-azul\/\" title=\"5 razones sorprendentes para visitar Cannes, en la Riviera Francesa\" data-wpil-keyword-link=\"linked\" data-wpil-monitor-id=\"2795\">Cannes<\/a> y tardan unos 15 minutos en llegar a las islas. Para una experiencia m\u00e1s exclusiva, tambi\u00e9n puedes optar por alquilar un barco privado. <\/p>\n\n<h3 id=\"que-llevar-contigo\" class=\"wp-block-heading\">Qu\u00e9 llevar contigo<\/h3>\n\n<ul class=\"wp-block-list\">\n<li>Calzado c\u00f3modo para caminar por senderos<\/li>\n\n\n\n<li>Agua y un picnic (aunque hay algunos restaurantes in situ)<\/li>\n\n\n\n<li>Una m\u00e1scara y un tubo para explorar el fondo marino<\/li>\n\n\n\n<li>Una c\u00e1mara para captar estos impresionantes paisajes<\/li>\n<\/ul>\n\n<hr class=\"wp-block-separator has-alpha-channel-opacity\" \/>\n\n<h2 id=\"por-que-alquilar-un-chalet-en-cannes-para-disfrutar-de-las-iles-de-lerins\" class=\"wp-block-heading\">\u00bfPor qu\u00e9 alquilar un chalet en Cannes para disfrutar de las \u00celes de L\u00e9rins?<\/h2>\n\n<p>Tras un d\u00eda de excursi\u00f3n por estas islas paradis\u00edacas, \u00bfqu\u00e9 mejor que volver a la comodidad y la elegancia de una villa excepcional en Cannes? <strong>PrestigeVillaRental.com<\/strong> te da acceso a una exclusiva selecci\u00f3n de residencias de lujo que ofrecen toda la comodidad y privacidad que necesitas para una estancia inolvidable en la Costa Azul. <\/p>\n\n<h3 id=\"las-ventajas-de-una-villa-de-lujo\" class=\"wp-block-heading\">Las ventajas de una villa de lujo<\/h3>\n\n<ul class=\"wp-block-list\">\n<li>Una zona privada con piscina y vistas al mar<\/li>\n\n\n\n<li>Un servicio de conserjer\u00eda para organizar tus excursiones<\/li>\n\n\n\n<li>Inmersi\u00f3n total en la elegancia de Cannes<\/li>\n<\/ul>\n\n<p>\u00a1Reserva ya tu villa y disfruta de una experiencia \u00fanica que combina glamour y naturaleza virgen!<\/p>\n","protected":false},"excerpt":{"rendered":"<p>Cuando piensas en Cannes, te imaginas inmediatamente la Croisette, el Festival de Cine y sus hoteles de lujo. Pero \u00bfsab\u00edas que a tiro de piedra de la ciudad se esconde&hellip;<\/p>\n","protected":false},"author":1,"featured_media":6543,"comment_status":"open","ping_status":"open","sticky":false,"template":"","format":"standard","meta":{"_jetpack_memberships_contains_paid_content":false,"footnotes":""},"categories":[110,116,111],"tags":[],"powerkit_post_featured":[],"class_list":{"0":"post-6789","1":"post","2":"type-post","3":"status-publish","4":"format-standard","5":"has-post-thumbnail","7":"category-costa-azul","8":"category-excursiones","9":"category-francia"},"jetpack_featured_media_url":"https:\/\/magazine.prestigevillarental.com\/wp-content\/uploads\/2025\/02\/ile-de-lerins-scaled.jpg","jetpack_sharing_enabled":true,"_links":{"self":[{"href":"https:\/\/magazine.prestigevillarental.com\/es\/wp-json\/wp\/v2\/posts\/6789","targetHints":{"allow":["GET"]}}],"collection":[{"href":"https:\/\/magazine.prestigevillarental.com\/es\/wp-json\/wp\/v2\/posts"}],"about":[{"href":"https:\/\/magazine.prestigevillarental.com\/es\/wp-json\/wp\/v2\/types\/post"}],"author":[{"embeddable":true,"href":"https:\/\/magazine.prestigevillarental.com\/es\/wp-json\/wp\/v2\/users\/1"}],"replies":[{"embeddable":true,"href":"https:\/\/magazine.prestigevillarental.com\/es\/wp-json\/wp\/v2\/comments?post=6789"}],"version-history":[{"count":2,"href":"https:\/\/magazine.prestigevillarental.com\/es\/wp-json\/wp\/v2\/posts\/6789\/revisions"}],"predecessor-version":[{"id":22088,"href":"https:\/\/magazine.prestigevillarental.com\/es\/wp-json\/wp\/v2\/posts\/6789\/revisions\/22088"}],"wp:featuredmedia":[{"embeddable":true,"href":"https:\/\/magazine.prestigevillarental.com\/es\/wp-json\/wp\/v2\/media\/6543"}],"wp:attachment":[{"href":"https:\/\/magazine.prestigevillarental.com\/es\/wp-json\/wp\/v2\/media?parent=6789"}],"wp:term":[{"taxonomy":"category","embeddable":true,"href":"https:\/\/magazine.prestigevillarental.com\/es\/wp-json\/wp\/v2\/categories?post=6789"},{"taxonomy":"post_tag","embeddable":true,"href":"https:\/\/magazine.prestigevillarental.com\/es\/wp-json\/wp\/v2\/tags?post=6789"},{"taxonomy":"powerkit_post_featured","embeddable":true,"href":"https:\/\/magazine.prestigevillarental.com\/es\/wp-json\/wp\/v2\/powerkit_post_featured?post=6789"}],"curies":[{"name":"wp","href":"https:\/\/api.w.org\/{rel}","templated":true}]}}