{"id":8282,"date":"2025-06-07T10:01:00","date_gmt":"2025-06-07T08:01:00","guid":{"rendered":"https:\/\/magazine.prestigevillarental.com\/los-imprescindibles-mercados-provenzales-de-saint-aygulf-y-les-issambres\/"},"modified":"2025-09-19T16:01:02","modified_gmt":"2025-09-19T14:01:02","slug":"los-imprescindibles-mercados-provenzales-de-saint-aygulf-y-les-issambres","status":"publish","type":"post","link":"https:\/\/magazine.prestigevillarental.com\/es\/los-imprescindibles-mercados-provenzales-de-saint-aygulf-y-les-issambres\/","title":{"rendered":"Los imprescindibles mercados provenzales de Saint-Aygulf y Les Issambres"},"content":{"rendered":"\n<p>Tanto en verano como en invierno, los mercados provenzales son un elemento habitual de la vida local de la Riviera Francesa. En Saint-Aygulf y Les Issambres, son mucho m\u00e1s que lugares donde comprar productos: son citas sensoriales donde se unen la tradici\u00f3n, los productos locales y el arte de vivir. Para los veraneantes exigentes, estos mercados representan una suave inmersi\u00f3n en la cultura local, con productos de calidad, encuentros con artesanos apasionados y delicias gourmet para saborear junto al mar.  <\/p>\n\n<h2 id=\"el-mercado-de-saint-aygulf-un-ambiente-autentico-los-martes-y-viernes\" class=\"wp-block-heading\">El mercado de Saint-Aygulf: un ambiente aut\u00e9ntico los martes y viernes<\/h2>\n\n<figure class=\"wp-block-image size-full\"><img  loading=\"lazy\"  decoding=\"async\"  width=\"1000\"  height=\"710\"  src=\"data:image\/png;base64,iVBORw0KGgoAAAANSUhEUgAAA+gAAALGAQMAAADsvClVAAAAA1BMVEUAAP+KeNJXAAAAAXRSTlMAQObYZgAAAAlwSFlzAAAOxAAADsQBlSsOGwAAAG5JREFUeNrtwQENAAAAwqD3T20ON6AAAAAAAAAAAAAAAAAAAAAAAAAAAAAAAAAAAAAAAAAAAAAAAAAAAAAAAAAAAAAAAAAAAAAAAAAAAAAAAAAAAAAAAAAAAAAAAAAAAAAAAAAAAAAAAAAAAODbAF2DAAEZZp5SAAAAAElFTkSuQmCC\"  alt=\"\"  class=\"wp-image-8193 pk-lazyload\"  data-pk-sizes=\"auto\"  data-ls-sizes=\"auto, (max-width: 1000px) 100vw, 1000px\"  data-pk-src=\"https:\/\/magazine.prestigevillarental.com\/wp-content\/uploads\/2025\/06\/marche-st-aygulf.jpg\"  data-pk-srcset=\"https:\/\/magazine.prestigevillarental.com\/wp-content\/uploads\/2025\/06\/marche-st-aygulf.jpg 1000w, https:\/\/magazine.prestigevillarental.com\/wp-content\/uploads\/2025\/06\/marche-st-aygulf-800x568.jpg 800w, https:\/\/magazine.prestigevillarental.com\/wp-content\/uploads\/2025\/06\/marche-st-aygulf-120x85.jpg 120w, https:\/\/magazine.prestigevillarental.com\/wp-content\/uploads\/2025\/06\/marche-st-aygulf-90x64.jpg 90w, https:\/\/magazine.prestigevillarental.com\/wp-content\/uploads\/2025\/06\/marche-st-aygulf-320x227.jpg 320w, https:\/\/magazine.prestigevillarental.com\/wp-content\/uploads\/2025\/06\/marche-st-aygulf-560x398.jpg 560w, https:\/\/magazine.prestigevillarental.com\/wp-content\/uploads\/2025\/06\/marche-st-aygulf-240x170.jpg 240w, https:\/\/magazine.prestigevillarental.com\/wp-content\/uploads\/2025\/06\/marche-st-aygulf-180x128.jpg 180w, https:\/\/magazine.prestigevillarental.com\/wp-content\/uploads\/2025\/06\/marche-st-aygulf-640x454.jpg 640w\" ><\/figure>\n\n<p>Situado en el coraz\u00f3n del pueblo, en la plaza principal, el mercado de Saint-Aygulf se celebra todos los martes y viernes por la ma\u00f1ana. F\u00e1cilmente accesible a pie desde la playa o las villas del centro, est\u00e1 rodeado de caf\u00e9s y restaurantes donde puedes entretenerte despu\u00e9s de las compras. <\/p>\n\n<p>Encontrar\u00e1s una amplia gama de productos t\u00edpicamente provenzales: frutas y verduras ba\u00f1adas por el sol, aceitunas y tapenades, queso de cabra, mieles de la garriga, as\u00ed como charcuter\u00eda corsa, flores cortadas, jabones hechos a mano y ropa de verano estampada con colores vivos. Los productos ecol\u00f3gicos y sin gluten tambi\u00e9n est\u00e1n bien representados, con varios puestos regentados por productores locales comprometidos. <\/p>\n\n<p>Para las familias, el mercado es tambi\u00e9n una oportunidad de iniciar a los ni\u00f1os en los sabores de la regi\u00f3n. Algunos puestos ofrecen degustaciones gratuitas de mermeladas, zumos caseros y productos excepcionales como las trufas negras del Haut-Var. <\/p>\n\n<h2 id=\"el-mercado-de-issambres-encanto-junto-al-mar-todos-los-lunes\" class=\"wp-block-heading\">El mercado de Issambres: encanto junto al mar todos los lunes<\/h2>\n\n<figure class=\"wp-block-image size-full\"><img  loading=\"lazy\"  decoding=\"async\"  width=\"1000\"  height=\"586\"  src=\"data:image\/png;base64,iVBORw0KGgoAAAANSUhEUgAAA+gAAAJKAQMAAACFzv32AAAAA1BMVEUAAP+KeNJXAAAAAXRSTlMAQObYZgAAAAlwSFlzAAAOxAAADsQBlSsOGwAAAF5JREFUeNrtwTEBAAAAwqD1T20Gf6AAAAAAAAAAAAAAAAAAAAAAAAAAAAAAAAAAAAAAAAAAAAAAAAAAAAAAAAAAAAAAAAAAAAAAAAAAAAAAAAAAAAAAAAAAAAAAAOAzIHsAAdCZS98AAAAASUVORK5CYII=\"  alt=\"\"  class=\"wp-image-8196 pk-lazyload\"  data-pk-sizes=\"auto\"  data-ls-sizes=\"auto, (max-width: 1000px) 100vw, 1000px\"  data-pk-src=\"https:\/\/magazine.prestigevillarental.com\/wp-content\/uploads\/2025\/06\/marche-roquebrune-sur-argens.jpg\"  data-pk-srcset=\"https:\/\/magazine.prestigevillarental.com\/wp-content\/uploads\/2025\/06\/marche-roquebrune-sur-argens.jpg 1000w, https:\/\/magazine.prestigevillarental.com\/wp-content\/uploads\/2025\/06\/marche-roquebrune-sur-argens-800x469.jpg 800w, https:\/\/magazine.prestigevillarental.com\/wp-content\/uploads\/2025\/06\/marche-roquebrune-sur-argens-120x70.jpg 120w, https:\/\/magazine.prestigevillarental.com\/wp-content\/uploads\/2025\/06\/marche-roquebrune-sur-argens-90x53.jpg 90w, https:\/\/magazine.prestigevillarental.com\/wp-content\/uploads\/2025\/06\/marche-roquebrune-sur-argens-320x188.jpg 320w, https:\/\/magazine.prestigevillarental.com\/wp-content\/uploads\/2025\/06\/marche-roquebrune-sur-argens-560x328.jpg 560w, https:\/\/magazine.prestigevillarental.com\/wp-content\/uploads\/2025\/06\/marche-roquebrune-sur-argens-240x141.jpg 240w, https:\/\/magazine.prestigevillarental.com\/wp-content\/uploads\/2025\/06\/marche-roquebrune-sur-argens-180x105.jpg 180w, https:\/\/magazine.prestigevillarental.com\/wp-content\/uploads\/2025\/06\/marche-roquebrune-sur-argens-640x375.jpg 640w\" ><\/figure>\n\n<p>El mercado de Issambres, situado en San Pe\u00efre, se celebra todos los lunes por la ma\u00f1ana en el paseo mar\u00edtimo, a tiro de piedra del puerto y de la playa principal. Aqu\u00ed el ambiente es m\u00e1s \u00edntimo, casi marinero, con vistas al Mediterr\u00e1neo y el suave aroma de los pinos que lo rodean. <\/p>\n\n<p>En este mercado prima la calidad sobre la cantidad: los puestos est\u00e1n bien espaciados, los comerciantes est\u00e1n disponibles y los productos se seleccionan cuidadosamente. Encontrar\u00e1s <\/p>\n\n<ul class=\"wp-block-list\">\n<li>aceites de oliva de alta gama producidos en el Var y la Dr\u00f4me provenzal;<\/li>\n\n\n\n<li>pescado fresco capturado localmente, ideal para asar en la villa ;<\/li>\n\n\n\n<li>Cestas de mimbre tejidas a mano, perfectas para tus salidas a la playa;<\/li>\n\n\n\n<li>Elegantes telas provenzales para decorar tus mesas de verano;<\/li>\n\n\n\n<li>unos cuantos puestos de bisuter\u00eda y artesan\u00eda local, para regalar o darse un capricho.<\/li>\n<\/ul>\n\n<p>Este mercado es especialmente popular entre las familias que se alojan en Les <a class=\"wpil_keyword_link\" href=\"https:\/\/magazine.prestigevillarental.com\/es\/les-issambres-el-destino-secreto-de-la-riviera-francesa\/\" title=\"Les Issambres: el destino secreto de la Riviera Francesa\" data-wpil-keyword-link=\"linked\" data-wpil-monitor-id=\"987\">Issambres<\/a>, que disfrutan dando un paseo por el paseo mar\u00edtimo despu\u00e9s de llenar la cesta de la compra, o sent\u00e1ndose en la terraza de un caf\u00e9 para ver la animaci\u00f3n local.<\/p>\n\n<h2 id=\"mercados-nocturnos-y-de-verano-un-ambiente-diferente\" class=\"wp-block-heading\">Mercados nocturnos y de verano: un ambiente diferente<\/h2>\n\n<figure class=\"wp-block-image size-large\"><img  loading=\"lazy\"  decoding=\"async\"  width=\"1160\"  height=\"773\"  src=\"data:image\/png;base64,iVBORw0KGgoAAAANSUhEUgAABIgAAAMFAQMAAAAla18IAAAAA1BMVEUAAP+KeNJXAAAAAXRSTlMAQObYZgAAAAlwSFlzAAAOxAAADsQBlSsOGwAAAIRJREFUeNrtwTEBAAAAwqD1T20LL6AAAAAAAAAAAAAAAAAAAAAAAAAAAAAAAAAAAAAAAAAAAAAAAAAAAAAAAAAAAAAAAAAAAAAAAAAAAAAAAAAAAAAAAAAAAAAAAAAAAAAAAAAAAAAAAAAAAAAAAAAAAAAAAAAAAAAAAAAAAAAAAAAA+Bq46QABBcE5SgAAAABJRU5ErkJggg==\"  alt=\"\"  class=\"wp-image-8190 pk-lazyload\"  data-pk-sizes=\"auto\"  data-ls-sizes=\"auto, (max-width: 1160px) 100vw, 1160px\"  data-pk-src=\"https:\/\/magazine.prestigevillarental.com\/wp-content\/uploads\/2025\/06\/marche-frejus-1160x773.jpg\"  data-pk-srcset=\"https:\/\/magazine.prestigevillarental.com\/wp-content\/uploads\/2025\/06\/marche-frejus-1160x773.jpg 1160w, https:\/\/magazine.prestigevillarental.com\/wp-content\/uploads\/2025\/06\/marche-frejus-800x533.jpg 800w, https:\/\/magazine.prestigevillarental.com\/wp-content\/uploads\/2025\/06\/marche-frejus-120x80.jpg 120w, https:\/\/magazine.prestigevillarental.com\/wp-content\/uploads\/2025\/06\/marche-frejus-90x60.jpg 90w, https:\/\/magazine.prestigevillarental.com\/wp-content\/uploads\/2025\/06\/marche-frejus-320x213.jpg 320w, https:\/\/magazine.prestigevillarental.com\/wp-content\/uploads\/2025\/06\/marche-frejus-560x373.jpg 560w, https:\/\/magazine.prestigevillarental.com\/wp-content\/uploads\/2025\/06\/marche-frejus-240x160.jpg 240w, https:\/\/magazine.prestigevillarental.com\/wp-content\/uploads\/2025\/06\/marche-frejus-180x120.jpg 180w, https:\/\/magazine.prestigevillarental.com\/wp-content\/uploads\/2025\/06\/marche-frejus-640x427.jpg 640w, https:\/\/magazine.prestigevillarental.com\/wp-content\/uploads\/2025\/06\/marche-frejus-1120x747.jpg 1120w, https:\/\/magazine.prestigevillarental.com\/wp-content\/uploads\/2025\/06\/marche-frejus.jpg 1200w\" ><\/figure>\n\n<p>En julio y agosto, las ciudades tambi\u00e9n organizan mercados nocturnos a lo largo del paseo mar\u00edtimo, sobre todo en la explanada de San Pe\u00efre en Les Issambres o cerca del paseo mar\u00edtimo en Saint-Aygulf. Estos mercados, que suelen abrir entre las 18.00 y las 23.00 horas, atraen a las familias que buscan diversi\u00f3n, recuerdos originales y artesan\u00eda regional. <\/p>\n\n<p>Hay puestos que venden joyas hechas a mano, creaciones de madera flotante y juegos infantiles, as\u00ed como camiones de comida que ofrecen cocina mediterr\u00e1nea, helados caseros y vinos locales para degustar in situ. El ambiente es festivo pero siempre controlado, sin m\u00fasica a todo volumen ni aglomeraciones agobiantes: ideal para una refinada velada familiar. <\/p>\n\n<h2 id=\"por-que-incluir-los-mercados-en-tus-vacaciones-de-alta-gama\" class=\"wp-block-heading\">\u00bfPor qu\u00e9 incluir los mercados en tus vacaciones de alta gama?<\/h2>\n\n<p>Para un turista que se aloje en una villa de prestigio, los mercados locales ofrecen una serie de ventajas:<\/p>\n\n<ul class=\"wp-block-list\">\n<li><strong>Autenticidad:<\/strong> puedes descubrir productos de temporada directamente de las personas que los cultivan o elaboran.<\/li>\n\n\n\n<li><strong>Calidad:<\/strong> los productos son a menudo m\u00e1s frescos, sabrosos y a veces imposibles de encontrar en otro sitio.<\/li>\n\n\n\n<li><strong>Elegancia cotidiana:<\/strong> componer un almuerzo con productos del mercado, en la terraza de tu villa con vistas al mar, es un lujo sencillo y sincero.<\/li>\n\n\n\n<li><strong>Encuentros:<\/strong> los intercambios con artesanos y productores crean v\u00ednculos y enriquecen la estancia.<\/li>\n<\/ul>\n\n<p>Y para los que prefieren delegar, algunos servicios de conserjer\u00eda pueden hacer la compra por ti, respetando tus preferencias alimentarias, alergias y presupuesto. S\u00f3lo tienes que hacer el pedido el d\u00eda anterior. <\/p>\n\n<h2 id=\"las-mejores-direcciones-cercanas\" class=\"wp-block-heading\">Las mejores direcciones cercanas<\/h2>\n\n<p>En Saint-Aygulf, aprovecha el mercado para descubrir :<\/p>\n\n<ul class=\"wp-block-list\">\n<li>La Fromagerie de l&#8217;Est\u00e9rel, para quesos curados localmente.<\/li>\n\n\n\n<li>La Maison Sarroche, una charcuter\u00eda especializada en productos locales del Var.<\/li>\n<\/ul>\n\n<p>En Les Issambres, despu\u00e9s del mercado, toma asiento :<\/p>\n\n<ul class=\"wp-block-list\">\n<li>En <em><a class=\"wpil_keyword_link\" href=\"https:\/\/magazine.prestigevillarental.com\/es\/restaurantes-con-vistas-al-mar-nuestras-direcciones-favoritas-en-saint-aygulf-y-les-issambres\/\" title=\"Restaurantes con vistas al mar: nuestras direcciones favoritas en Saint-Aygulf y Les Issambres\" data-wpil-keyword-link=\"linked\" data-wpil-monitor-id=\"2229\">Prao Plage<\/a><\/em>Para un almuerzo chic junto al mar, elaborado con productos de temporada.<\/li>\n\n\n\n<li>O el <em>Bistrot C\u00f4t\u00e9<\/em> Plage, para un ambiente m\u00e1s relajado, perfecto para familias.<\/li>\n<\/ul>\n\n<h2 id=\"consejos-para-aprovechar-al-maximo-tu-visita\" class=\"wp-block-heading\">Consejos para aprovechar al m\u00e1ximo tu visita<\/h2>\n\n<ul class=\"wp-block-list\">\n<li><strong>Llega pronto:<\/strong> entre las 8.30 y las 9.30 h, para evitar las aglomeraciones y conseguir la mejor elecci\u00f3n.<\/li>\n\n\n\n<li><strong>Lleva algo de cambio:<\/strong> aunque cada vez m\u00e1s expositores aceptan tarjetas, algunos s\u00f3lo aceptan efectivo.<\/li>\n\n\n\n<li><strong>Trae tus propias bolsas:<\/strong> o mejor a\u00fan, una elegante cesta de mercado de mimbre.<\/li>\n\n\n\n<li><strong>Haz preguntas:<\/strong> a los artesanos les encanta hablar de su trabajo y est\u00e1n encantados de compartir sus consejos de preparaci\u00f3n.<\/li>\n<\/ul>\n\n<h2 id=\"conclusion\" class=\"wp-block-heading\">Conclusi\u00f3n<\/h2>\n\n<p>Los mercados de Saint-Aygulf y Les Issambres encarnan la esencia misma del lujo mediterr\u00e1neo: tomarse su tiempo, saborear el momento, elegir la calidad en lugar de la cantidad. Tanto si eres un gourmet, un decorador o simplemente un curioso de las tradiciones locales, estos mercados te ofrecen un aut\u00e9ntico interludio sensorial. Una forma sencilla y elegante de a\u00f1adir un toque local a tu estancia en una villa.  <\/p>\n","protected":false},"excerpt":{"rendered":"<p>Tanto en verano como en invierno, los mercados provenzales son un elemento habitual de la vida local de la Riviera Francesa. En Saint-Aygulf y Les Issambres, son mucho m\u00e1s que&hellip;<\/p>\n","protected":false},"author":1,"featured_media":8201,"comment_status":"open","ping_status":"open","sticky":false,"template":"","format":"standard","meta":{"_jetpack_memberships_contains_paid_content":false,"footnotes":""},"categories":[158,110,111],"tags":[],"powerkit_post_featured":[],"class_list":{"0":"post-8282","1":"post","2":"type-post","3":"status-publish","4":"format-standard","5":"has-post-thumbnail","7":"category-consejos-de-viaje","8":"category-costa-azul","9":"category-francia"},"jetpack_featured_media_url":"https:\/\/magazine.prestigevillarental.com\/wp-content\/uploads\/2025\/06\/marche-issambres.jpg","jetpack_sharing_enabled":true,"_links":{"self":[{"href":"https:\/\/magazine.prestigevillarental.com\/es\/wp-json\/wp\/v2\/posts\/8282","targetHints":{"allow":["GET"]}}],"collection":[{"href":"https:\/\/magazine.prestigevillarental.com\/es\/wp-json\/wp\/v2\/posts"}],"about":[{"href":"https:\/\/magazine.prestigevillarental.com\/es\/wp-json\/wp\/v2\/types\/post"}],"author":[{"embeddable":true,"href":"https:\/\/magazine.prestigevillarental.com\/es\/wp-json\/wp\/v2\/users\/1"}],"replies":[{"embeddable":true,"href":"https:\/\/magazine.prestigevillarental.com\/es\/wp-json\/wp\/v2\/comments?post=8282"}],"version-history":[{"count":4,"href":"https:\/\/magazine.prestigevillarental.com\/es\/wp-json\/wp\/v2\/posts\/8282\/revisions"}],"predecessor-version":[{"id":20281,"href":"https:\/\/magazine.prestigevillarental.com\/es\/wp-json\/wp\/v2\/posts\/8282\/revisions\/20281"}],"wp:featuredmedia":[{"embeddable":true,"href":"https:\/\/magazine.prestigevillarental.com\/es\/wp-json\/wp\/v2\/media\/8201"}],"wp:attachment":[{"href":"https:\/\/magazine.prestigevillarental.com\/es\/wp-json\/wp\/v2\/media?parent=8282"}],"wp:term":[{"taxonomy":"category","embeddable":true,"href":"https:\/\/magazine.prestigevillarental.com\/es\/wp-json\/wp\/v2\/categories?post=8282"},{"taxonomy":"post_tag","embeddable":true,"href":"https:\/\/magazine.prestigevillarental.com\/es\/wp-json\/wp\/v2\/tags?post=8282"},{"taxonomy":"powerkit_post_featured","embeddable":true,"href":"https:\/\/magazine.prestigevillarental.com\/es\/wp-json\/wp\/v2\/powerkit_post_featured?post=8282"}],"curies":[{"name":"wp","href":"https:\/\/api.w.org\/{rel}","templated":true}]}}